{"id":382519,"date":"2026-04-29T17:00:32","date_gmt":"2026-04-29T15:00:32","guid":{"rendered":"https:\/\/atena.sk\/blog\/vyznam-svatku-prace\/"},"modified":"2026-04-29T17:01:18","modified_gmt":"2026-04-29T15:01:18","slug":"vyznam-svatku-prace","status":"publish","type":"post","link":"https:\/\/atena.sk\/blog\/cs\/vyznam-svatku-prace\/","title":{"rendered":"V\u00fdznam Sv\u00e1tku pr\u00e1ce"},"content":{"rendered":"\n<p>Prvn\u00ed kv\u011bten je v kalend\u00e1\u0159i v\u00fdjime\u010dn\u00fdm datem. Lid\u00e9 na cel\u00e9m sv\u011bt\u011b v tento den slav\u00ed Sv\u00e1tek pr\u00e1ce. Je to n\u00e1dhern\u00fd \u010das, kdy se vzd\u00e1v\u00e1 pocta pracuj\u00edc\u00edm a jejich tvrd\u00e9 pr\u00e1ci. V mnoha zem\u00edch sv\u011bta se tento den stal ofici\u00e1ln\u00edm st\u00e1tn\u00edm sv\u00e1tkem. Rodiny tr\u00e1v\u00ed \u010das spole\u010dn\u011b, bl\u00edzc\u00ed p\u0159\u00e1tel\u00e9 se sch\u00e1zej\u00ed na piknic\u00edch a t\u011b\u017ece pracuj\u00edc\u00ed lid\u00e9 si u\u017e\u00edvaj\u00ed zaslou\u017een\u00e9ho odpo\u010dinku. Sv\u00e1tek pr\u00e1ce je v\u0161ak mnohem v\u00edc ne\u017e jen den volna. M\u00e1 bohatou historii, kter\u00e1 zcela zm\u011bnila modern\u00ed pracovi\u0161t\u011b. P\u0159ipom\u00edn\u00e1 n\u00e1m nelehk\u00fd boj za lidskou d\u016fstojnost v pr\u00e1ci. Ka\u017ed\u00fd \u010dlov\u011bk si jednozna\u010dn\u011b zaslou\u017e\u00ed bezpe\u010dn\u00e9 prost\u0159ed\u00ed a spravedlivou odm\u011bnu za sv\u00e9 \u00fasil\u00ed.        <\/p>\n\n<!--more-->\n\n<h2 class=\"wp-block-heading\">Prav\u00fd p\u016fvod prvn\u00edho m\u00e1je<\/h2>\n\n<p>Skute\u010dn\u00fd p\u0159\u00edb\u011bh Sv\u00e1tku pr\u00e1ce za\u010d\u00edn\u00e1 ve Spojen\u00fdch st\u00e1tech. V kv\u011btnu roku osmn\u00e1ct set osmdes\u00e1t \u0161est zorganizovali odv\u00e1\u017en\u00ed d\u011bln\u00edci ve m\u011bst\u011b Chicagu obrovskou ve\u0159ejnou st\u00e1vku. Po\u017eadovali spravedlivou osmihodinovou pracovn\u00ed dobu pro v\u0161echny lidi. Oby\u010dejn\u00ed lid\u00e9 tehdy pracovali velmi dlouho a v naprosto nebezpe\u010dn\u00fdch podm\u00ednk\u00e1ch. Zam\u011bstnavatel\u00e9 \u010dasto nutili sv\u00e9 zam\u011bstnance pracovat neuv\u011b\u0159iteln\u00fdch \u0161estn\u00e1ct hodin denn\u011b. D\u011bln\u00edci m\u011bli jen velmi m\u00e1lo voln\u00e9ho \u010dasu na odpo\u010dinek nebo na zalo\u017een\u00ed rodiny. Chicagsk\u00e9 protesty nakonec vyvolaly obrovsk\u00e9 soci\u00e1ln\u00ed hnut\u00ed. Lid\u00e9 si rychle uv\u011bdomili silnou pot\u0159ebu dr\u017eet p\u0159i sob\u011b. Spole\u010dn\u011b za\u010dali po\u017eadovat lep\u0161\u00ed zach\u00e1zen\u00ed a spravedliv\u00e1 pracovn\u00ed pravidla. Proti nespravedliv\u00fdm \u0161\u00e9f\u016fm projevili neuv\u011b\u0159itelnou osobn\u00ed odvahu.         <\/p>\n\n<h2 class=\"wp-block-heading\">Glob\u00e1ln\u00ed \u0161\u00ed\u0159en\u00ed pr\u00e1v zam\u011bstnanc\u016f<\/h2>\n\n<p>N\u011bkolik let po t\u011bchto historick\u00fdch ud\u00e1lostech se mezin\u00e1rodn\u00ed p\u0159edstavitel\u00e9 v Evrop\u011b rozhodli uct\u00edt state\u010dn\u00e9 americk\u00e9 d\u011bln\u00edky. Ofici\u00e1ln\u011b zvolili prvn\u00ed m\u00e1j Mezin\u00e1rodn\u00edm dnem pracuj\u00edc\u00edch. Tento v\u00fdznamn\u00fd celosv\u011btov\u00fd sv\u00e1tek od t\u00e9 doby nesm\u00edrn\u011b vzrostl na popularit\u011b. Rychle se stal mocn\u00fdm symbolem jednoty pracuj\u00edc\u00edch pro lidi na cel\u00e9m sv\u011bt\u011b. D\u011bln\u00edci v r\u016fzn\u00fdch zem\u00edch postupn\u011b za\u010dali vytv\u00e1\u0159et skupiny, kter\u00e9 aktivn\u011b h\u00e1j\u00ed jejich z\u00e1jmy. Bojovali za spravedliv\u00e9 minim\u00e1ln\u00ed mzdy, v\u00edkendov\u00e9 p\u0159est\u00e1vky a bezpe\u010dn\u00e9 tov\u00e1rny. D\u00edky jejich obrovsk\u00e9mu \u00fasil\u00ed se dnes t\u011b\u0161\u00edme mnoha pracovn\u011bpr\u00e1vn\u00edm ochran\u00e1m. Tyto modern\u00ed vymo\u017eenosti jsou dnes \u010dasto myln\u011b pova\u017eov\u00e1ny za samoz\u0159ejmost. T\u011bmto hrdinn\u00fdm pr\u016fkopn\u00edk\u016fm vd\u011b\u010d\u00edme za na\u0161e modern\u00ed pracovn\u00ed standardy.        <\/p>\n\n<h2 class=\"wp-block-heading\">Pro\u010d je Sv\u00e1tek pr\u00e1ce d\u016fle\u017eit\u00fd i dnes<\/h2>\n\n<p>Sv\u00e1tek pr\u00e1ce je i dnes velmi siln\u00fdm a d\u016fle\u017eit\u00fdm historick\u00fdm symbolem. Velmi jasn\u011b ukazuje obrovsk\u00fd v\u00fdznam poctiv\u00e9 a \u010destn\u00e9 pr\u00e1ce. Modern\u00ed zam\u011bstnanci st\u00e1le po\u017eaduj\u00ed spolehlivou mzdu, plnou pr\u00e1vn\u00ed jistotu a zdravou \u017eivotn\u00ed rovnov\u00e1hu. Pot\u0159ebuj\u00ed jasnou rovnov\u00e1hu mezi ka\u017edodenn\u00ed prac\u00ed a b\u011b\u017en\u00fdm osobn\u00edm \u017eivotem. Sv\u011bt se neust\u00e1le rychle m\u011bn\u00ed, ale z\u00e1kladn\u00ed lidsk\u00e1 pot\u0159eba respektu nikdy nezmiz\u00ed. Mnoho lid\u00ed se bohu\u017eel st\u00e1le pot\u00fdk\u00e1 s nespravedliv\u00fdmi pracovn\u00edmi podm\u00ednkami nebo n\u00edzkou mzdou. Sv\u00e1tek pr\u00e1ce n\u00e1m p\u0159ipom\u00edn\u00e1, abychom si v\u017edy v\u00e1\u017eili sv\u00fdch vlastn\u00edch schopnost\u00ed. Povzbuzuje n\u00e1s k hled\u00e1n\u00ed lep\u0161\u00edch pracovn\u00edch p\u0159\u00edle\u017eitost\u00ed. Ka\u017ed\u00fd pracovn\u00edk si pln\u011b zaslou\u017e\u00ed modern\u00ed pracovi\u0161t\u011b pro svou fyzickou i du\u0161evn\u00ed pohodu.        <\/p>\n\n<h2 class=\"wp-block-heading\"><a href=\"https:\/\/atena.org\">Najd\u011bte si perfektn\u00ed pr\u00e1ci s Atenou<\/a><\/h2>\n\n<p>Ve spole\u010dnosti <a href=\"https:\/\/atena.org\">Atena jsme p\u0159esv\u011bd\u010deni , <\/a>\u017ee ka\u017ed\u00fd pracovit\u00fd \u010dlov\u011bk si zaslou\u017e\u00ed skv\u011blou pr\u00e1ci a bezpe\u010dn\u00fd \u017eivot. Odborn\u011b pom\u00e1h\u00e1me ob\u011btav\u00fdm zdravotn\u00edk\u016fm, zku\u0161en\u00fdm pe\u010dovatel\u016fm a kvalifikovan\u00fdm manu\u00e1ln\u00edm pracovn\u00edk\u016fm. \u00dasp\u011b\u0161n\u011b jim nach\u00e1z\u00edme vynikaj\u00edc\u00ed pracovn\u00ed p\u0159\u00edle\u017eitosti v z\u00e1padn\u00ed Evrop\u011b. Dlouhodob\u011b se zam\u011b\u0159ujeme na vysp\u011bl\u00e9 zem\u011b, jako je N\u011bmecko, Rakousko a modern\u00ed Nizozemsko. Za na\u0161e kvalitn\u00ed slu\u017eby nikdy ne\u00fa\u010dtujeme \u017e\u00e1dn\u00e9 skryt\u00e9 poplatky. S n\u00e1mi v\u017edy rychle z\u00edsk\u00e1te pln\u011b leg\u00e1ln\u00ed pracovn\u00ed smlouvu, vynikaj\u00edc\u00ed mzdu a profesion\u00e1ln\u00ed podporu. Pe\u010dliv\u011b pro v\u00e1s organizujeme logistiku cestov\u00e1n\u00ed. Neust\u00e1le z\u016fst\u00e1v\u00e1me va\u0161\u00edm spolehliv\u00fdm &#8222;p\u0159\u00edtelem na telefonu&#8220; \u010dty\u0159iadvacet hodin denn\u011b. Nev\u00e1hejte a ihned kontaktujte spole\u010dnost Atena. Vybudujte si lep\u0161\u00ed budoucnost a z\u00edskejte respekt.         <\/p>\n\n<p><\/p>\n","protected":false},"excerpt":{"rendered":"<p>Prvn\u00ed m\u00e1j je v\u00fdznamn\u00fdm celosv\u011btov\u00fdm sv\u00e1tkem zam\u011b\u0159en\u00fdm na dlouh\u00fd historick\u00fd boj za spravedliv\u00e9 pracovn\u00ed podm\u00ednky a z\u00e1kladn\u00ed lidskou d\u016fstojnost. N\u00e1\u0161 nov\u00fd \u010dl\u00e1nek podrobn\u011b zkoum\u00e1 siln\u00e9 a inspirativn\u00ed po\u010d\u00e1tky tohoto sv\u00e1tku s odv\u00e1\u017en\u00fdmi d\u011bln\u00edky v Chicagu. Tak\u00e9 jasn\u011b vysv\u011btlujeme v\u00fdznam t\u011bchto z\u00e1kladn\u00edch pr\u00e1v p\u0159i budov\u00e1n\u00ed \u00fasp\u011b\u0161n\u00e9 kari\u00e9ry ve zcela nov\u00e9 zemi. P\u0159e\u010dt\u011bte si cel\u00fd n\u00e1\u0161 p\u0159\u00edsp\u011bvek a zjist\u011bte, jak mohou spr\u00e1vn\u00e9 smlouvy maxim\u00e1ln\u011b ochr\u00e1nit va\u0161i budoucnost v zahrani\u010d\u00ed.   <\/p>\n","protected":false},"author":20,"featured_media":382485,"comment_status":"closed","ping_status":"open","sticky":false,"template":"","format":"standard","meta":{"footnotes":""},"categories":[218,220],"tags":[],"acf":{"facebookpost":"\ud83c\udf1f \u0160\u0165astn\u00fd Sv\u00e1tek pr\u00e1ce! Zn\u00e1te skute\u010dn\u00fd p\u0159\u00edb\u011bh tohoto v\u00fdznamn\u00e9ho historick\u00e9ho sv\u00e1tku? N\u00e1\u0161 nejnov\u011bj\u0161\u00ed \u010dl\u00e1nek se zab\u00fdv\u00e1 bohatou histori\u00ed Prvn\u00edho m\u00e1je a vysv\u011btluje sou\u010dasn\u00fd v\u00fdznam pr\u00e1v pracuj\u00edc\u00edch. \ud83d\udcbc\u2708\ufe0f P\u0159e\u010dt\u011bte si cel\u00fd p\u0159\u00edsp\u011bvek a zjist\u011bte, jak m\u016f\u017eete bezpe\u010dn\u011b naj\u00edt pr\u00e1ci v zahrani\u010d\u00ed! \ud83d\udc47","popis_socialneho_obrazku":"Historie Sv\u00e1tku pr\u00e1ce"},"yoast_head":"<!-- This site is optimized with the Yoast SEO plugin v22.6 - https:\/\/yoast.com\/wordpress\/plugins\/seo\/ -->\n<title>V\u00fdznam Sv\u00e1tku pr\u00e1ce - Atena blog<\/title>\n<meta name=\"description\" content=\"Objevte skute\u010dn\u00fd p\u016fvod Sv\u00e1tku pr\u00e1ce a zjist\u011bte, pro\u010d jsou spravedliv\u00e1 pr\u00e1va zam\u011bstnanc\u016f st\u00e1le d\u016fle\u017eit\u00e1. Z\u00edskejte bezpe\u010dnou pr\u00e1ci v zahrani\u010d\u00ed.\" \/>\n<meta name=\"robots\" content=\"index, follow, max-snippet:-1, max-image-preview:large, max-video-preview:-1\" \/>\n<link rel=\"canonical\" href=\"https:\/\/atena.sk\/blog\/cs\/vyznam-svatku-prace\/\" \/>\n<meta property=\"og:locale\" content=\"cs_CZ\" \/>\n<meta property=\"og:type\" content=\"article\" \/>\n<meta property=\"og:title\" content=\"V\u00fdznam Sv\u00e1tku pr\u00e1ce - Atena blog\" \/>\n<meta property=\"og:description\" content=\"Sv\u00e1tek pr\u00e1ce je obzvl\u00e1\u0161t\u011b silnou p\u0159ipom\u00ednkou pot\u0159eby jistoty, hlubok\u00e9 \u00facty a spravedliv\u00e9 odm\u011bny pro ka\u017ed\u00e9ho pracovn\u00edka. Tento nov\u00fd p\u0159\u00edsp\u011bvek na blogu se zab\u00fdv\u00e1 bohatou histori\u00ed Prvn\u00edho m\u00e1je a jeho trval\u00fdm vlivem na modern\u00ed zam\u011bstnanost. P\u0159\u00edmo vyzdvihuje obrovsk\u00fd v\u00fdznam zaji\u0161t\u011bn\u00ed pr\u00e1vn\u011b z\u00e1vazn\u00fdch dohod p\u0159ed odjezdem za prac\u00ed do ciz\u00ed zem\u011b. Rychle zjist\u00edte, jak m\u016f\u017ee spr\u00e1vn\u00e1 profesion\u00e1ln\u00ed podpora zajistit bezprobl\u00e9mov\u00fd a zcela bezpe\u010dn\u00fd p\u0159echod do zahrani\u010d\u00ed.\" \/>\n<meta property=\"og:url\" content=\"https:\/\/atena.sk\/blog\/cs\/vyznam-svatku-prace\/\" \/>\n<meta property=\"og:site_name\" content=\"Atena blog\" \/>\n<meta property=\"article:published_time\" content=\"2026-04-29T15:00:32+00:00\" \/>\n<meta property=\"article:modified_time\" content=\"2026-04-29T15:01:18+00:00\" \/>\n<meta property=\"og:image\" content=\"https:\/\/atena.sk\/blog\/wp-content\/uploads\/2026\/04\/AdobeStock_281549501-1024x576.jpg\" \/>\n<meta name=\"author\" content=\"Marin Nedelev\" \/>\n<meta name=\"twitter:label1\" content=\"Napsal(a)\" \/>\n\t<meta name=\"twitter:data1\" content=\"Marin Nedelev\" \/>\n\t<meta name=\"twitter:label2\" content=\"Odhadovan\u00e1 doba \u010dten\u00ed\" \/>\n\t<meta name=\"twitter:data2\" content=\"4 minutes\" \/>\n<script type=\"application\/ld+json\" class=\"yoast-schema-graph\">{\"@context\":\"https:\/\/schema.org\",\"@graph\":[{\"@type\":\"NewsArticle\",\"@id\":\"https:\/\/atena.sk\/blog\/cs\/vyznam-svatku-prace\/#article\",\"isPartOf\":{\"@id\":\"https:\/\/atena.sk\/blog\/cs\/vyznam-svatku-prace\/\"},\"author\":{\"name\":\"Marin Nedelev\",\"@id\":\"https:\/\/atena.sk\/blog\/cs\/#\/schema\/person\/0ae6c6390563d6555f91b0db4767e168\"},\"headline\":\"V\u00fdznam Sv\u00e1tku pr\u00e1ce\",\"datePublished\":\"2026-04-29T15:00:32+00:00\",\"dateModified\":\"2026-04-29T15:01:18+00:00\",\"mainEntityOfPage\":{\"@id\":\"https:\/\/atena.sk\/blog\/cs\/vyznam-svatku-prace\/\"},\"wordCount\":798,\"publisher\":{\"@id\":\"https:\/\/atena.sk\/blog\/cs\/#organization\"},\"image\":{\"@id\":\"https:\/\/atena.sk\/blog\/cs\/vyznam-svatku-prace\/#primaryimage\"},\"thumbnailUrl\":\"https:\/\/atena.sk\/blog\/wp-content\/uploads\/2026\/04\/AdobeStock_281549501-scaled.jpg\",\"articleSection\":[\"Firmy\",\"Klienti\"],\"inLanguage\":\"cs\"},{\"@type\":[\"WebPage\",\"ItemPage\"],\"@id\":\"https:\/\/atena.sk\/blog\/cs\/vyznam-svatku-prace\/\",\"url\":\"https:\/\/atena.sk\/blog\/cs\/vyznam-svatku-prace\/\",\"name\":\"V\u00fdznam Sv\u00e1tku pr\u00e1ce - Atena blog\",\"isPartOf\":{\"@id\":\"https:\/\/atena.sk\/blog\/cs\/#website\"},\"primaryImageOfPage\":{\"@id\":\"https:\/\/atena.sk\/blog\/cs\/vyznam-svatku-prace\/#primaryimage\"},\"image\":{\"@id\":\"https:\/\/atena.sk\/blog\/cs\/vyznam-svatku-prace\/#primaryimage\"},\"thumbnailUrl\":\"https:\/\/atena.sk\/blog\/wp-content\/uploads\/2026\/04\/AdobeStock_281549501-scaled.jpg\",\"datePublished\":\"2026-04-29T15:00:32+00:00\",\"dateModified\":\"2026-04-29T15:01:18+00:00\",\"description\":\"Objevte skute\u010dn\u00fd p\u016fvod Sv\u00e1tku pr\u00e1ce a zjist\u011bte, pro\u010d jsou spravedliv\u00e1 pr\u00e1va zam\u011bstnanc\u016f st\u00e1le d\u016fle\u017eit\u00e1. Z\u00edskejte bezpe\u010dnou pr\u00e1ci v zahrani\u010d\u00ed.\",\"breadcrumb\":{\"@id\":\"https:\/\/atena.sk\/blog\/cs\/vyznam-svatku-prace\/#breadcrumb\"},\"inLanguage\":\"cs\",\"potentialAction\":[{\"@type\":\"ReadAction\",\"target\":[\"https:\/\/atena.sk\/blog\/cs\/vyznam-svatku-prace\/\"]}]},{\"@type\":\"ImageObject\",\"inLanguage\":\"cs\",\"@id\":\"https:\/\/atena.sk\/blog\/cs\/vyznam-svatku-prace\/#primaryimage\",\"url\":\"https:\/\/atena.sk\/blog\/wp-content\/uploads\/2026\/04\/AdobeStock_281549501-scaled.jpg\",\"contentUrl\":\"https:\/\/atena.sk\/blog\/wp-content\/uploads\/2026\/04\/AdobeStock_281549501-scaled.jpg\",\"width\":2780,\"height\":1564,\"caption\":\"sviatok pr\u00e1ce\"},{\"@type\":\"BreadcrumbList\",\"@id\":\"https:\/\/atena.sk\/blog\/cs\/vyznam-svatku-prace\/#breadcrumb\",\"itemListElement\":[{\"@type\":\"ListItem\",\"position\":1,\"name\":\"Home\",\"item\":\"https:\/\/atena.sk\/blog\/cs\/vyberte-si-sekci-blogu\/\"},{\"@type\":\"ListItem\",\"position\":2,\"name\":\"V\u00fdznam Sv\u00e1tku pr\u00e1ce\"}]},{\"@type\":\"WebSite\",\"@id\":\"https:\/\/atena.sk\/blog\/cs\/#website\",\"url\":\"https:\/\/atena.sk\/blog\/cs\/\",\"name\":\"Atena blog\",\"description\":\"Blog spole\u010dnosti atena\",\"publisher\":{\"@id\":\"https:\/\/atena.sk\/blog\/cs\/#organization\"},\"potentialAction\":[{\"@type\":\"SearchAction\",\"target\":{\"@type\":\"EntryPoint\",\"urlTemplate\":\"https:\/\/atena.sk\/blog\/cs\/?s={search_term_string}\"},\"query-input\":\"required name=search_term_string\"}],\"inLanguage\":\"cs\"},{\"@type\":\"Organization\",\"@id\":\"https:\/\/atena.sk\/blog\/cs\/#organization\",\"name\":\"ATENA\",\"url\":\"https:\/\/atena.sk\/blog\/cs\/\",\"logo\":{\"@type\":\"ImageObject\",\"inLanguage\":\"cs\",\"@id\":\"https:\/\/atena.sk\/blog\/cs\/#\/schema\/logo\/image\/\",\"url\":\"https:\/\/atena.sk\/blog\/wp-content\/uploads\/2022\/08\/logo.png\",\"contentUrl\":\"https:\/\/atena.sk\/blog\/wp-content\/uploads\/2022\/08\/logo.png\",\"width\":3543,\"height\":3543,\"caption\":\"ATENA\"},\"image\":{\"@id\":\"https:\/\/atena.sk\/blog\/cs\/#\/schema\/logo\/image\/\"}},{\"@type\":\"Person\",\"@id\":\"https:\/\/atena.sk\/blog\/cs\/#\/schema\/person\/0ae6c6390563d6555f91b0db4767e168\",\"name\":\"Marin Nedelev\",\"image\":{\"@type\":\"ImageObject\",\"inLanguage\":\"cs\",\"@id\":\"https:\/\/atena.sk\/blog\/cs\/#\/schema\/person\/image\/\",\"url\":\"https:\/\/secure.gravatar.com\/avatar\/c7908085eb1039e4706a94fc58b04d66?s=96&d=mm&r=g\",\"contentUrl\":\"https:\/\/secure.gravatar.com\/avatar\/c7908085eb1039e4706a94fc58b04d66?s=96&d=mm&r=g\",\"caption\":\"Marin Nedelev\"},\"url\":\"https:\/\/atena.sk\/blog\/cs\/author\/marin-nedelev\/\"}]}<\/script>\n<!-- \/ Yoast SEO plugin. -->","yoast_head_json":{"title":"V\u00fdznam Sv\u00e1tku pr\u00e1ce - Atena blog","description":"Objevte skute\u010dn\u00fd p\u016fvod Sv\u00e1tku pr\u00e1ce a zjist\u011bte, pro\u010d jsou spravedliv\u00e1 pr\u00e1va zam\u011bstnanc\u016f st\u00e1le d\u016fle\u017eit\u00e1. Z\u00edskejte bezpe\u010dnou pr\u00e1ci v zahrani\u010d\u00ed.","robots":{"index":"index","follow":"follow","max-snippet":"max-snippet:-1","max-image-preview":"max-image-preview:large","max-video-preview":"max-video-preview:-1"},"canonical":"https:\/\/atena.sk\/blog\/cs\/vyznam-svatku-prace\/","og_locale":"cs_CZ","og_type":"article","og_title":"V\u00fdznam Sv\u00e1tku pr\u00e1ce - Atena blog","og_description":"Sv\u00e1tek pr\u00e1ce je obzvl\u00e1\u0161t\u011b silnou p\u0159ipom\u00ednkou pot\u0159eby jistoty, hlubok\u00e9 \u00facty a spravedliv\u00e9 odm\u011bny pro ka\u017ed\u00e9ho pracovn\u00edka. Tento nov\u00fd p\u0159\u00edsp\u011bvek na blogu se zab\u00fdv\u00e1 bohatou histori\u00ed Prvn\u00edho m\u00e1je a jeho trval\u00fdm vlivem na modern\u00ed zam\u011bstnanost. P\u0159\u00edmo vyzdvihuje obrovsk\u00fd v\u00fdznam zaji\u0161t\u011bn\u00ed pr\u00e1vn\u011b z\u00e1vazn\u00fdch dohod p\u0159ed odjezdem za prac\u00ed do ciz\u00ed zem\u011b. Rychle zjist\u00edte, jak m\u016f\u017ee spr\u00e1vn\u00e1 profesion\u00e1ln\u00ed podpora zajistit bezprobl\u00e9mov\u00fd a zcela bezpe\u010dn\u00fd p\u0159echod do zahrani\u010d\u00ed.","og_url":"https:\/\/atena.sk\/blog\/cs\/vyznam-svatku-prace\/","og_site_name":"Atena blog","article_published_time":"2026-04-29T15:00:32+00:00","article_modified_time":"2026-04-29T15:01:18+00:00","og_image":[{"url":"https:\/\/atena.sk\/blog\/wp-content\/uploads\/2026\/04\/AdobeStock_281549501-1024x576.jpg"}],"author":"Marin Nedelev","twitter_misc":{"Napsal(a)":"Marin Nedelev","Odhadovan\u00e1 doba \u010dten\u00ed":"4 minutes"},"schema":{"@context":"https:\/\/schema.org","@graph":[{"@type":"NewsArticle","@id":"https:\/\/atena.sk\/blog\/cs\/vyznam-svatku-prace\/#article","isPartOf":{"@id":"https:\/\/atena.sk\/blog\/cs\/vyznam-svatku-prace\/"},"author":{"name":"Marin Nedelev","@id":"https:\/\/atena.sk\/blog\/cs\/#\/schema\/person\/0ae6c6390563d6555f91b0db4767e168"},"headline":"V\u00fdznam Sv\u00e1tku pr\u00e1ce","datePublished":"2026-04-29T15:00:32+00:00","dateModified":"2026-04-29T15:01:18+00:00","mainEntityOfPage":{"@id":"https:\/\/atena.sk\/blog\/cs\/vyznam-svatku-prace\/"},"wordCount":798,"publisher":{"@id":"https:\/\/atena.sk\/blog\/cs\/#organization"},"image":{"@id":"https:\/\/atena.sk\/blog\/cs\/vyznam-svatku-prace\/#primaryimage"},"thumbnailUrl":"https:\/\/atena.sk\/blog\/wp-content\/uploads\/2026\/04\/AdobeStock_281549501-scaled.jpg","articleSection":["Firmy","Klienti"],"inLanguage":"cs"},{"@type":["WebPage","ItemPage"],"@id":"https:\/\/atena.sk\/blog\/cs\/vyznam-svatku-prace\/","url":"https:\/\/atena.sk\/blog\/cs\/vyznam-svatku-prace\/","name":"V\u00fdznam Sv\u00e1tku pr\u00e1ce - Atena blog","isPartOf":{"@id":"https:\/\/atena.sk\/blog\/cs\/#website"},"primaryImageOfPage":{"@id":"https:\/\/atena.sk\/blog\/cs\/vyznam-svatku-prace\/#primaryimage"},"image":{"@id":"https:\/\/atena.sk\/blog\/cs\/vyznam-svatku-prace\/#primaryimage"},"thumbnailUrl":"https:\/\/atena.sk\/blog\/wp-content\/uploads\/2026\/04\/AdobeStock_281549501-scaled.jpg","datePublished":"2026-04-29T15:00:32+00:00","dateModified":"2026-04-29T15:01:18+00:00","description":"Objevte skute\u010dn\u00fd p\u016fvod Sv\u00e1tku pr\u00e1ce a zjist\u011bte, pro\u010d jsou spravedliv\u00e1 pr\u00e1va zam\u011bstnanc\u016f st\u00e1le d\u016fle\u017eit\u00e1. Z\u00edskejte bezpe\u010dnou pr\u00e1ci v zahrani\u010d\u00ed.","breadcrumb":{"@id":"https:\/\/atena.sk\/blog\/cs\/vyznam-svatku-prace\/#breadcrumb"},"inLanguage":"cs","potentialAction":[{"@type":"ReadAction","target":["https:\/\/atena.sk\/blog\/cs\/vyznam-svatku-prace\/"]}]},{"@type":"ImageObject","inLanguage":"cs","@id":"https:\/\/atena.sk\/blog\/cs\/vyznam-svatku-prace\/#primaryimage","url":"https:\/\/atena.sk\/blog\/wp-content\/uploads\/2026\/04\/AdobeStock_281549501-scaled.jpg","contentUrl":"https:\/\/atena.sk\/blog\/wp-content\/uploads\/2026\/04\/AdobeStock_281549501-scaled.jpg","width":2780,"height":1564,"caption":"sviatok pr\u00e1ce"},{"@type":"BreadcrumbList","@id":"https:\/\/atena.sk\/blog\/cs\/vyznam-svatku-prace\/#breadcrumb","itemListElement":[{"@type":"ListItem","position":1,"name":"Home","item":"https:\/\/atena.sk\/blog\/cs\/vyberte-si-sekci-blogu\/"},{"@type":"ListItem","position":2,"name":"V\u00fdznam Sv\u00e1tku pr\u00e1ce"}]},{"@type":"WebSite","@id":"https:\/\/atena.sk\/blog\/cs\/#website","url":"https:\/\/atena.sk\/blog\/cs\/","name":"Atena blog","description":"Blog spole\u010dnosti atena","publisher":{"@id":"https:\/\/atena.sk\/blog\/cs\/#organization"},"potentialAction":[{"@type":"SearchAction","target":{"@type":"EntryPoint","urlTemplate":"https:\/\/atena.sk\/blog\/cs\/?s={search_term_string}"},"query-input":"required name=search_term_string"}],"inLanguage":"cs"},{"@type":"Organization","@id":"https:\/\/atena.sk\/blog\/cs\/#organization","name":"ATENA","url":"https:\/\/atena.sk\/blog\/cs\/","logo":{"@type":"ImageObject","inLanguage":"cs","@id":"https:\/\/atena.sk\/blog\/cs\/#\/schema\/logo\/image\/","url":"https:\/\/atena.sk\/blog\/wp-content\/uploads\/2022\/08\/logo.png","contentUrl":"https:\/\/atena.sk\/blog\/wp-content\/uploads\/2022\/08\/logo.png","width":3543,"height":3543,"caption":"ATENA"},"image":{"@id":"https:\/\/atena.sk\/blog\/cs\/#\/schema\/logo\/image\/"}},{"@type":"Person","@id":"https:\/\/atena.sk\/blog\/cs\/#\/schema\/person\/0ae6c6390563d6555f91b0db4767e168","name":"Marin Nedelev","image":{"@type":"ImageObject","inLanguage":"cs","@id":"https:\/\/atena.sk\/blog\/cs\/#\/schema\/person\/image\/","url":"https:\/\/secure.gravatar.com\/avatar\/c7908085eb1039e4706a94fc58b04d66?s=96&d=mm&r=g","contentUrl":"https:\/\/secure.gravatar.com\/avatar\/c7908085eb1039e4706a94fc58b04d66?s=96&d=mm&r=g","caption":"Marin Nedelev"},"url":"https:\/\/atena.sk\/blog\/cs\/author\/marin-nedelev\/"}]}},"_links":{"self":[{"href":"https:\/\/atena.sk\/blog\/cs\/wp-json\/wp\/v2\/posts\/382519"}],"collection":[{"href":"https:\/\/atena.sk\/blog\/cs\/wp-json\/wp\/v2\/posts"}],"about":[{"href":"https:\/\/atena.sk\/blog\/cs\/wp-json\/wp\/v2\/types\/post"}],"author":[{"embeddable":true,"href":"https:\/\/atena.sk\/blog\/cs\/wp-json\/wp\/v2\/users\/20"}],"replies":[{"embeddable":true,"href":"https:\/\/atena.sk\/blog\/cs\/wp-json\/wp\/v2\/comments?post=382519"}],"version-history":[{"count":1,"href":"https:\/\/atena.sk\/blog\/cs\/wp-json\/wp\/v2\/posts\/382519\/revisions"}],"predecessor-version":[{"id":382522,"href":"https:\/\/atena.sk\/blog\/cs\/wp-json\/wp\/v2\/posts\/382519\/revisions\/382522"}],"wp:featuredmedia":[{"embeddable":true,"href":"https:\/\/atena.sk\/blog\/cs\/wp-json\/wp\/v2\/media\/382485"}],"wp:attachment":[{"href":"https:\/\/atena.sk\/blog\/cs\/wp-json\/wp\/v2\/media?parent=382519"}],"wp:term":[{"taxonomy":"category","embeddable":true,"href":"https:\/\/atena.sk\/blog\/cs\/wp-json\/wp\/v2\/categories?post=382519"},{"taxonomy":"post_tag","embeddable":true,"href":"https:\/\/atena.sk\/blog\/cs\/wp-json\/wp\/v2\/tags?post=382519"}],"curies":[{"name":"wp","href":"https:\/\/api.w.org\/{rel}","templated":true}]}}