{"id":382560,"date":"2026-04-29T17:00:32","date_gmt":"2026-04-29T15:00:32","guid":{"rendered":"https:\/\/atena.sk\/blog\/die-bedeutung-des-tags-der-arbeit\/"},"modified":"2026-04-30T09:03:01","modified_gmt":"2026-04-30T07:03:01","slug":"die-bedeutung-des-tags-der-arbeit","status":"publish","type":"post","link":"https:\/\/atena.sk\/blog\/de\/die-bedeutung-des-tags-der-arbeit\/","title":{"rendered":"Die Bedeutung des Tags der Arbeit"},"content":{"rendered":"\n<p>Der erste Mai ist ein ganz besonderes Datum im Kalender. \u00dcberall auf der Welt feiern die Menschen an diesem Tag den Tag der Arbeit. Es ist eine wunderbare Gelegenheit, die Arbeiter und ihre harte Arbeit zu ehren. Viele L\u00e4nder auf der ganzen Welt haben diesen Tag zu einem offiziellen Feiertag gemacht. Familien verbringen viel Zeit miteinander, enge Freunde treffen sich zu einem Picknick und hart arbeitende Menschen genie\u00dfen eine wohlverdiente Pause. Der Tag der Arbeit ist jedoch viel mehr als nur ein freier Tag von der Arbeit. Er hat eine reiche Geschichte, die den modernen Arbeitsplatz v\u00f6llig ver\u00e4ndert hat. Er erinnert uns an den harten Kampf um die Menschenw\u00fcrde am Arbeitsplatz. Jeder Mensch verdient eindeutig ein sicheres Umfeld und eine faire Belohnung f\u00fcr seine Bem\u00fchungen.        <\/p>\n\n<!--more-->\n\n<h2 class=\"wp-block-heading\">Der wahre Ursprung des ersten Mai<\/h2>\n\n<p>Die wahre Geschichte des Labor Day beginnt in den Vereinigten Staaten. Im Mai des Jahres achtzehnhundertsechsundachtzig organisierten mutige Arbeiter in der Stadt Chicago einen gro\u00dfen \u00f6ffentlichen Streik. Sie forderten einen gerechten Acht-Stunden-Arbeitstag f\u00fcr alle Menschen. Zu dieser Zeit arbeiteten die einfachen Leute sehr lange unter absolut gef\u00e4hrlichen Bedingungen. Die Arbeitgeber zwangen ihre Angestellten oft dazu, satte sechzehn Stunden am Tag zu arbeiten. Die Arbeiter hatten nur sehr wenig Freizeit, um sich auszuruhen oder eine Familie zu gr\u00fcnden. Die Proteste in Chicago l\u00f6sten schlie\u00dflich eine gro\u00dfe soziale Bewegung aus. Die Menschen erkannten schnell, wie wichtig es war, zusammenzuhalten. Gemeinsam begannen sie, eine bessere Behandlung und faire Arbeitsregeln zu fordern. Sie zeigten unglaublichen pers\u00f6nlichen Mut gegen unfaire Bosse.         <\/p>\n\n<h2 class=\"wp-block-heading\">Globale Verbreitung der Arbeitnehmerrechte<\/h2>\n\n<p>Ein paar Jahre nach diesen historischen Ereignissen beschlossen die internationalen F\u00fchrer in Europa, die tapferen amerikanischen Arbeiter zu ehren. Sie ernannten den 1. Mai offiziell zum Internationalen Tag der Arbeit. Dieser wichtige globale Feiertag hat seitdem enorm an Popularit\u00e4t gewonnen. Er wurde schnell zu einem starken Symbol f\u00fcr die Einheit der Arbeiter auf der ganzen Welt. Arbeiter in verschiedenen L\u00e4ndern begannen nach und nach, Gruppen zu bilden, um ihre Interessen aktiv zu verteidigen. Sie k\u00e4mpften f\u00fcr faire Mindestl\u00f6hne, Wochenendpausen und sichere Fabriken. Dank ihrer enormen Anstrengungen genie\u00dfen wir heute viele arbeitsrechtliche Schutzma\u00dfnahmen. Diese modernen Annehmlichkeiten werden heute f\u00e4lschlicherweise oft als selbstverst\u00e4ndlich angesehen. Unsere modernen Arbeitsnormen verdanken wir diesen fr\u00fchen heldenhaften Pionieren.        <\/p>\n\n<h2 class=\"wp-block-heading\">Warum der Tag der Arbeit auch heute noch wichtig ist<\/h2>\n\n<p>Heute ist der Tag der Arbeit eindeutig ein sehr starkes und wichtiges historisches Symbol. Er zeigt sehr deutlich die enorme Bedeutung von fairer und ehrlicher Arbeit. Moderne Arbeitnehmer fordern nach wie vor verl\u00e4ssliche L\u00f6hne, volle Rechtssicherheit und eine gesunde Lebensbalance. Sie brauchen ein klares Gleichgewicht zwischen ihrer t\u00e4glichen Arbeit und ihrem normalen Privatleben. Die Welt ver\u00e4ndert sich st\u00e4ndig, aber das menschliche Grundbed\u00fcrfnis nach Respekt geht nie verloren. Leider sind viele Menschen immer noch mit unfairen Arbeitsbedingungen oder niedrigen L\u00f6hnen konfrontiert. Der Tag der Arbeit erinnert uns daran, unsere eigenen F\u00e4higkeiten immer zu sch\u00e4tzen. Er ermutigt uns, bessere Karrierechancen zu suchen. Jeder Arbeitnehmer hat einen modernen Arbeitsplatz f\u00fcr sein k\u00f6rperliches und geistiges Wohlbefinden verdient.        <\/p>\n\n<h2 class=\"wp-block-heading\"><a href=\"https:\/\/atena.org\">Finden Sie Ihren perfekten Job mit Atena<\/a><\/h2>\n\n<p>Wir bei <a href=\"https:\/\/atena.org\">Atena <\/a>glauben fest daran, dass jeder hart arbeitende Mensch einen fantastischen Job und ein sicheres Leben verdient. Wir helfen engagierten medizinischen Fachkr\u00e4ften, erfahrenen Betreuungskr\u00e4ften und qualifizierten Arbeitern. Wir finden f\u00fcr sie erfolgreich hervorragende Arbeitsm\u00f6glichkeiten in Westeuropa. Wir konzentrieren uns seit langem auf entwickelte L\u00e4nder wie Deutschland, \u00d6sterreich und die modernen Niederlande. Wir berechnen Ihnen keine versteckten Geb\u00fchren f\u00fcr unsere Qualit\u00e4tsdienste. Bei uns erhalten Sie immer schnell einen v\u00f6llig legalen Arbeitsvertrag, ein ausgezeichnetes Gehalt und professionelle Unterst\u00fctzung. Wir organisieren f\u00fcr Sie eine sorgf\u00e4ltige Reiselogistik. Wir sind vierundzwanzig Stunden am Tag Ihr zuverl\u00e4ssiger &#8222;Freund am Telefon&#8220;. Z\u00f6gern Sie nicht, Atena sofort zu kontaktieren. Bauen Sie sich eine bessere Zukunft auf und verschaffen Sie sich Respekt.         <\/p>\n\n<p><\/p>\n","protected":false},"excerpt":{"rendered":"<p>Der 1. Mai ist ein wichtiger weltweiter Feiertag, der sich auf den langen historischen Kampf f\u00fcr faire Arbeitsbedingungen und grundlegende Menschenw\u00fcrde konzentriert. Unser neuer Artikel erforscht im Detail die kraftvollen und inspirierenden Urspr\u00fcnge dieses Feiertags mit mutigen Arbeitern in Chicago. Au\u00dferdem erl\u00e4utern wir anschaulich, wie wichtig diese Grundrechte f\u00fcr den Aufbau einer erfolgreichen Karriere in einem ganz neuen Land sind. Lesen Sie unseren vollst\u00e4ndigen Beitrag, um herauszufinden, wie die richtigen Vertr\u00e4ge Ihre Zukunft im Ausland maximal sch\u00fctzen k\u00f6nnen.   <\/p>\n","protected":false},"author":20,"featured_media":382490,"comment_status":"closed","ping_status":"open","sticky":false,"template":"","format":"standard","meta":{"footnotes":""},"categories":[73,86],"tags":[],"acf":{"facebookpost":"\ud83c\udf1f Alles Gute zum Tag der Arbeit! Kennen Sie die wahre Geschichte hinter diesem wichtigen historischen Feiertag? Unser neuester Artikel befasst sich mit der reichen Geschichte des 1. Mai und erkl\u00e4rt die aktuelle Bedeutung der Arbeitnehmerrechte. \ud83d\udcbc\u2708\ufe0f Lesen Sie den ganzen Beitrag, um herauszufinden, wie Sie sicher einen Job im Ausland finden k\u00f6nnen! \ud83d\udc47","popis_socialneho_obrazku":"Geschichte des Tags der Arbeit"},"yoast_head":"<!-- This site is optimized with the Yoast SEO plugin v22.6 - https:\/\/yoast.com\/wordpress\/plugins\/seo\/ -->\n<title>Die Bedeutung des Tags der Arbeit - Atena-Blog<\/title>\n<meta name=\"description\" content=\"Entdecken Sie die wahren Urspr\u00fcnge des Tags der Arbeit und erfahren Sie, warum faire Arbeitnehmerrechte immer noch wichtig sind. Arbeiten Sie sicher im Ausland.\" \/>\n<meta name=\"robots\" content=\"index, follow, max-snippet:-1, max-image-preview:large, max-video-preview:-1\" \/>\n<link rel=\"canonical\" href=\"https:\/\/atena.sk\/blog\/de\/die-bedeutung-des-tags-der-arbeit\/\" \/>\n<meta property=\"og:locale\" content=\"de_DE\" \/>\n<meta property=\"og:type\" content=\"article\" \/>\n<meta property=\"og:title\" content=\"Die Bedeutung des Tags der Arbeit - Atena-Blog\" \/>\n<meta property=\"og:description\" content=\"Der Tag der Arbeit erinnert besonders eindringlich an die Notwendigkeit von Sicherheit, tiefem Respekt und fairer Bezahlung f\u00fcr jeden Arbeitnehmer. Dieser neue Blogbeitrag befasst sich mit der reichen Geschichte des Maifeiertags und seinem nachhaltigen Einfluss auf die moderne Arbeitswelt. Er unterstreicht die enorme Bedeutung rechtlich verbindlicher Vereinbarungen, bevor Sie in ein fremdes Land gehen, um dort zu arbeiten. Entdecken Sie schnell, wie die richtige professionelle Unterst\u00fctzung einen nahtlosen und absolut sicheren \u00dcbergang ins Ausland gew\u00e4hrleisten kann.\" \/>\n<meta property=\"og:url\" content=\"https:\/\/atena.sk\/blog\/de\/die-bedeutung-des-tags-der-arbeit\/\" \/>\n<meta property=\"og:site_name\" content=\"Atena-Blog\" \/>\n<meta property=\"article:published_time\" content=\"2026-04-29T15:00:32+00:00\" \/>\n<meta property=\"article:modified_time\" content=\"2026-04-30T07:03:01+00:00\" \/>\n<meta property=\"og:image\" content=\"https:\/\/atena.sk\/blog\/wp-content\/uploads\/2026\/04\/AdobeStock_281549501-1024x576.jpg\" \/>\n<meta name=\"author\" content=\"Marin Nedelev\" \/>\n<meta name=\"twitter:label1\" content=\"Verfasst von\" \/>\n\t<meta name=\"twitter:data1\" content=\"Marin Nedelev\" \/>\n\t<meta name=\"twitter:label2\" content=\"Gesch\u00e4tzte Lesezeit\" \/>\n\t<meta name=\"twitter:data2\" content=\"3 minutes\" \/>\n<script type=\"application\/ld+json\" class=\"yoast-schema-graph\">{\"@context\":\"https:\/\/schema.org\",\"@graph\":[{\"@type\":\"NewsArticle\",\"@id\":\"https:\/\/atena.sk\/blog\/de\/die-bedeutung-des-tags-der-arbeit\/#article\",\"isPartOf\":{\"@id\":\"https:\/\/atena.sk\/blog\/de\/die-bedeutung-des-tags-der-arbeit\/\"},\"author\":{\"name\":\"Marin Nedelev\",\"@id\":\"https:\/\/atena.sk\/blog\/de\/#\/schema\/person\/0ae6c6390563d6555f91b0db4767e168\"},\"headline\":\"Die Bedeutung des Tags der Arbeit\",\"datePublished\":\"2026-04-29T15:00:32+00:00\",\"dateModified\":\"2026-04-30T07:03:01+00:00\",\"mainEntityOfPage\":{\"@id\":\"https:\/\/atena.sk\/blog\/de\/die-bedeutung-des-tags-der-arbeit\/\"},\"wordCount\":664,\"publisher\":{\"@id\":\"https:\/\/atena.sk\/blog\/de\/#organization\"},\"image\":{\"@id\":\"https:\/\/atena.sk\/blog\/de\/die-bedeutung-des-tags-der-arbeit\/#primaryimage\"},\"thumbnailUrl\":\"https:\/\/atena.sk\/blog\/wp-content\/uploads\/2026\/04\/AdobeStock_281549501-scaled.jpg\",\"articleSection\":[\"Firmen\",\"Klienten\"],\"inLanguage\":\"de\"},{\"@type\":[\"WebPage\",\"ItemPage\"],\"@id\":\"https:\/\/atena.sk\/blog\/de\/die-bedeutung-des-tags-der-arbeit\/\",\"url\":\"https:\/\/atena.sk\/blog\/de\/die-bedeutung-des-tags-der-arbeit\/\",\"name\":\"Die Bedeutung des Tags der Arbeit - Atena-Blog\",\"isPartOf\":{\"@id\":\"https:\/\/atena.sk\/blog\/de\/#website\"},\"primaryImageOfPage\":{\"@id\":\"https:\/\/atena.sk\/blog\/de\/die-bedeutung-des-tags-der-arbeit\/#primaryimage\"},\"image\":{\"@id\":\"https:\/\/atena.sk\/blog\/de\/die-bedeutung-des-tags-der-arbeit\/#primaryimage\"},\"thumbnailUrl\":\"https:\/\/atena.sk\/blog\/wp-content\/uploads\/2026\/04\/AdobeStock_281549501-scaled.jpg\",\"datePublished\":\"2026-04-29T15:00:32+00:00\",\"dateModified\":\"2026-04-30T07:03:01+00:00\",\"description\":\"Entdecken Sie die wahren Urspr\u00fcnge des Tags der Arbeit und erfahren Sie, warum faire Arbeitnehmerrechte immer noch wichtig sind. Arbeiten Sie sicher im Ausland.\",\"breadcrumb\":{\"@id\":\"https:\/\/atena.sk\/blog\/de\/die-bedeutung-des-tags-der-arbeit\/#breadcrumb\"},\"inLanguage\":\"de\",\"potentialAction\":[{\"@type\":\"ReadAction\",\"target\":[\"https:\/\/atena.sk\/blog\/de\/die-bedeutung-des-tags-der-arbeit\/\"]}]},{\"@type\":\"ImageObject\",\"inLanguage\":\"de\",\"@id\":\"https:\/\/atena.sk\/blog\/de\/die-bedeutung-des-tags-der-arbeit\/#primaryimage\",\"url\":\"https:\/\/atena.sk\/blog\/wp-content\/uploads\/2026\/04\/AdobeStock_281549501-scaled.jpg\",\"contentUrl\":\"https:\/\/atena.sk\/blog\/wp-content\/uploads\/2026\/04\/AdobeStock_281549501-scaled.jpg\",\"width\":2780,\"height\":1564,\"caption\":\"sviatok pr\u00e1ce\"},{\"@type\":\"BreadcrumbList\",\"@id\":\"https:\/\/atena.sk\/blog\/de\/die-bedeutung-des-tags-der-arbeit\/#breadcrumb\",\"itemListElement\":[{\"@type\":\"ListItem\",\"position\":1,\"name\":\"Home\",\"item\":\"https:\/\/atena.sk\/blog\/de\/domov\/\"},{\"@type\":\"ListItem\",\"position\":2,\"name\":\"Die Bedeutung des Tags der Arbeit\"}]},{\"@type\":\"WebSite\",\"@id\":\"https:\/\/atena.sk\/blog\/de\/#website\",\"url\":\"https:\/\/atena.sk\/blog\/de\/\",\"name\":\"Atena-Blog\",\"description\":\"Blog spolo\u010dnosti atena\",\"publisher\":{\"@id\":\"https:\/\/atena.sk\/blog\/de\/#organization\"},\"potentialAction\":[{\"@type\":\"SearchAction\",\"target\":{\"@type\":\"EntryPoint\",\"urlTemplate\":\"https:\/\/atena.sk\/blog\/de\/?s={search_term_string}\"},\"query-input\":\"required name=search_term_string\"}],\"inLanguage\":\"de\"},{\"@type\":\"Organization\",\"@id\":\"https:\/\/atena.sk\/blog\/de\/#organization\",\"name\":\"ATENA\",\"url\":\"https:\/\/atena.sk\/blog\/de\/\",\"logo\":{\"@type\":\"ImageObject\",\"inLanguage\":\"de\",\"@id\":\"https:\/\/atena.sk\/blog\/de\/#\/schema\/logo\/image\/\",\"url\":\"https:\/\/atena.sk\/blog\/wp-content\/uploads\/2022\/08\/logo.png\",\"contentUrl\":\"https:\/\/atena.sk\/blog\/wp-content\/uploads\/2022\/08\/logo.png\",\"width\":3543,\"height\":3543,\"caption\":\"ATENA\"},\"image\":{\"@id\":\"https:\/\/atena.sk\/blog\/de\/#\/schema\/logo\/image\/\"}},{\"@type\":\"Person\",\"@id\":\"https:\/\/atena.sk\/blog\/de\/#\/schema\/person\/0ae6c6390563d6555f91b0db4767e168\",\"name\":\"Marin Nedelev\",\"image\":{\"@type\":\"ImageObject\",\"inLanguage\":\"de\",\"@id\":\"https:\/\/atena.sk\/blog\/de\/#\/schema\/person\/image\/\",\"url\":\"https:\/\/secure.gravatar.com\/avatar\/c7908085eb1039e4706a94fc58b04d66?s=96&d=mm&r=g\",\"contentUrl\":\"https:\/\/secure.gravatar.com\/avatar\/c7908085eb1039e4706a94fc58b04d66?s=96&d=mm&r=g\",\"caption\":\"Marin Nedelev\"},\"url\":\"https:\/\/atena.sk\/blog\/de\/author\/marin-nedelev\/\"}]}<\/script>\n<!-- \/ Yoast SEO plugin. -->","yoast_head_json":{"title":"Die Bedeutung des Tags der Arbeit - Atena-Blog","description":"Entdecken Sie die wahren Urspr\u00fcnge des Tags der Arbeit und erfahren Sie, warum faire Arbeitnehmerrechte immer noch wichtig sind. Arbeiten Sie sicher im Ausland.","robots":{"index":"index","follow":"follow","max-snippet":"max-snippet:-1","max-image-preview":"max-image-preview:large","max-video-preview":"max-video-preview:-1"},"canonical":"https:\/\/atena.sk\/blog\/de\/die-bedeutung-des-tags-der-arbeit\/","og_locale":"de_DE","og_type":"article","og_title":"Die Bedeutung des Tags der Arbeit - Atena-Blog","og_description":"Der Tag der Arbeit erinnert besonders eindringlich an die Notwendigkeit von Sicherheit, tiefem Respekt und fairer Bezahlung f\u00fcr jeden Arbeitnehmer. Dieser neue Blogbeitrag befasst sich mit der reichen Geschichte des Maifeiertags und seinem nachhaltigen Einfluss auf die moderne Arbeitswelt. Er unterstreicht die enorme Bedeutung rechtlich verbindlicher Vereinbarungen, bevor Sie in ein fremdes Land gehen, um dort zu arbeiten. Entdecken Sie schnell, wie die richtige professionelle Unterst\u00fctzung einen nahtlosen und absolut sicheren \u00dcbergang ins Ausland gew\u00e4hrleisten kann.","og_url":"https:\/\/atena.sk\/blog\/de\/die-bedeutung-des-tags-der-arbeit\/","og_site_name":"Atena-Blog","article_published_time":"2026-04-29T15:00:32+00:00","article_modified_time":"2026-04-30T07:03:01+00:00","og_image":[{"url":"https:\/\/atena.sk\/blog\/wp-content\/uploads\/2026\/04\/AdobeStock_281549501-1024x576.jpg"}],"author":"Marin Nedelev","twitter_misc":{"Verfasst von":"Marin Nedelev","Gesch\u00e4tzte Lesezeit":"3 minutes"},"schema":{"@context":"https:\/\/schema.org","@graph":[{"@type":"NewsArticle","@id":"https:\/\/atena.sk\/blog\/de\/die-bedeutung-des-tags-der-arbeit\/#article","isPartOf":{"@id":"https:\/\/atena.sk\/blog\/de\/die-bedeutung-des-tags-der-arbeit\/"},"author":{"name":"Marin Nedelev","@id":"https:\/\/atena.sk\/blog\/de\/#\/schema\/person\/0ae6c6390563d6555f91b0db4767e168"},"headline":"Die Bedeutung des Tags der Arbeit","datePublished":"2026-04-29T15:00:32+00:00","dateModified":"2026-04-30T07:03:01+00:00","mainEntityOfPage":{"@id":"https:\/\/atena.sk\/blog\/de\/die-bedeutung-des-tags-der-arbeit\/"},"wordCount":664,"publisher":{"@id":"https:\/\/atena.sk\/blog\/de\/#organization"},"image":{"@id":"https:\/\/atena.sk\/blog\/de\/die-bedeutung-des-tags-der-arbeit\/#primaryimage"},"thumbnailUrl":"https:\/\/atena.sk\/blog\/wp-content\/uploads\/2026\/04\/AdobeStock_281549501-scaled.jpg","articleSection":["Firmen","Klienten"],"inLanguage":"de"},{"@type":["WebPage","ItemPage"],"@id":"https:\/\/atena.sk\/blog\/de\/die-bedeutung-des-tags-der-arbeit\/","url":"https:\/\/atena.sk\/blog\/de\/die-bedeutung-des-tags-der-arbeit\/","name":"Die Bedeutung des Tags der Arbeit - Atena-Blog","isPartOf":{"@id":"https:\/\/atena.sk\/blog\/de\/#website"},"primaryImageOfPage":{"@id":"https:\/\/atena.sk\/blog\/de\/die-bedeutung-des-tags-der-arbeit\/#primaryimage"},"image":{"@id":"https:\/\/atena.sk\/blog\/de\/die-bedeutung-des-tags-der-arbeit\/#primaryimage"},"thumbnailUrl":"https:\/\/atena.sk\/blog\/wp-content\/uploads\/2026\/04\/AdobeStock_281549501-scaled.jpg","datePublished":"2026-04-29T15:00:32+00:00","dateModified":"2026-04-30T07:03:01+00:00","description":"Entdecken Sie die wahren Urspr\u00fcnge des Tags der Arbeit und erfahren Sie, warum faire Arbeitnehmerrechte immer noch wichtig sind. Arbeiten Sie sicher im Ausland.","breadcrumb":{"@id":"https:\/\/atena.sk\/blog\/de\/die-bedeutung-des-tags-der-arbeit\/#breadcrumb"},"inLanguage":"de","potentialAction":[{"@type":"ReadAction","target":["https:\/\/atena.sk\/blog\/de\/die-bedeutung-des-tags-der-arbeit\/"]}]},{"@type":"ImageObject","inLanguage":"de","@id":"https:\/\/atena.sk\/blog\/de\/die-bedeutung-des-tags-der-arbeit\/#primaryimage","url":"https:\/\/atena.sk\/blog\/wp-content\/uploads\/2026\/04\/AdobeStock_281549501-scaled.jpg","contentUrl":"https:\/\/atena.sk\/blog\/wp-content\/uploads\/2026\/04\/AdobeStock_281549501-scaled.jpg","width":2780,"height":1564,"caption":"sviatok pr\u00e1ce"},{"@type":"BreadcrumbList","@id":"https:\/\/atena.sk\/blog\/de\/die-bedeutung-des-tags-der-arbeit\/#breadcrumb","itemListElement":[{"@type":"ListItem","position":1,"name":"Home","item":"https:\/\/atena.sk\/blog\/de\/domov\/"},{"@type":"ListItem","position":2,"name":"Die Bedeutung des Tags der Arbeit"}]},{"@type":"WebSite","@id":"https:\/\/atena.sk\/blog\/de\/#website","url":"https:\/\/atena.sk\/blog\/de\/","name":"Atena-Blog","description":"Blog spolo\u010dnosti atena","publisher":{"@id":"https:\/\/atena.sk\/blog\/de\/#organization"},"potentialAction":[{"@type":"SearchAction","target":{"@type":"EntryPoint","urlTemplate":"https:\/\/atena.sk\/blog\/de\/?s={search_term_string}"},"query-input":"required name=search_term_string"}],"inLanguage":"de"},{"@type":"Organization","@id":"https:\/\/atena.sk\/blog\/de\/#organization","name":"ATENA","url":"https:\/\/atena.sk\/blog\/de\/","logo":{"@type":"ImageObject","inLanguage":"de","@id":"https:\/\/atena.sk\/blog\/de\/#\/schema\/logo\/image\/","url":"https:\/\/atena.sk\/blog\/wp-content\/uploads\/2022\/08\/logo.png","contentUrl":"https:\/\/atena.sk\/blog\/wp-content\/uploads\/2022\/08\/logo.png","width":3543,"height":3543,"caption":"ATENA"},"image":{"@id":"https:\/\/atena.sk\/blog\/de\/#\/schema\/logo\/image\/"}},{"@type":"Person","@id":"https:\/\/atena.sk\/blog\/de\/#\/schema\/person\/0ae6c6390563d6555f91b0db4767e168","name":"Marin Nedelev","image":{"@type":"ImageObject","inLanguage":"de","@id":"https:\/\/atena.sk\/blog\/de\/#\/schema\/person\/image\/","url":"https:\/\/secure.gravatar.com\/avatar\/c7908085eb1039e4706a94fc58b04d66?s=96&d=mm&r=g","contentUrl":"https:\/\/secure.gravatar.com\/avatar\/c7908085eb1039e4706a94fc58b04d66?s=96&d=mm&r=g","caption":"Marin Nedelev"},"url":"https:\/\/atena.sk\/blog\/de\/author\/marin-nedelev\/"}]}},"_links":{"self":[{"href":"https:\/\/atena.sk\/blog\/de\/wp-json\/wp\/v2\/posts\/382560"}],"collection":[{"href":"https:\/\/atena.sk\/blog\/de\/wp-json\/wp\/v2\/posts"}],"about":[{"href":"https:\/\/atena.sk\/blog\/de\/wp-json\/wp\/v2\/types\/post"}],"author":[{"embeddable":true,"href":"https:\/\/atena.sk\/blog\/de\/wp-json\/wp\/v2\/users\/20"}],"replies":[{"embeddable":true,"href":"https:\/\/atena.sk\/blog\/de\/wp-json\/wp\/v2\/comments?post=382560"}],"version-history":[{"count":1,"href":"https:\/\/atena.sk\/blog\/de\/wp-json\/wp\/v2\/posts\/382560\/revisions"}],"predecessor-version":[{"id":382561,"href":"https:\/\/atena.sk\/blog\/de\/wp-json\/wp\/v2\/posts\/382560\/revisions\/382561"}],"wp:featuredmedia":[{"embeddable":true,"href":"https:\/\/atena.sk\/blog\/de\/wp-json\/wp\/v2\/media\/382490"}],"wp:attachment":[{"href":"https:\/\/atena.sk\/blog\/de\/wp-json\/wp\/v2\/media?parent=382560"}],"wp:term":[{"taxonomy":"category","embeddable":true,"href":"https:\/\/atena.sk\/blog\/de\/wp-json\/wp\/v2\/categories?post=382560"},{"taxonomy":"post_tag","embeddable":true,"href":"https:\/\/atena.sk\/blog\/de\/wp-json\/wp\/v2\/tags?post=382560"}],"curies":[{"name":"wp","href":"https:\/\/api.w.org\/{rel}","templated":true}]}}