{"id":382509,"date":"2026-04-29T17:00:32","date_gmt":"2026-04-29T15:00:32","guid":{"rendered":"https:\/\/atena.sk\/blog\/tyon-paivan-merkitys\/"},"modified":"2026-04-29T17:01:08","modified_gmt":"2026-04-29T15:01:08","slug":"tyon-paivan-merkitys","status":"publish","type":"post","link":"https:\/\/atena.sk\/blog\/fi\/tyon-paivan-merkitys\/","title":{"rendered":"Ty\u00f6n p\u00e4iv\u00e4n merkitys"},"content":{"rendered":"\n<p>Toukokuun ensimm\u00e4inen p\u00e4iv\u00e4 on hyvin erityinen p\u00e4iv\u00e4 kalenterissa. Ihmiset kaikkialla maailmassa juhlivat t\u00e4n\u00e4 p\u00e4iv\u00e4n\u00e4 ty\u00f6nteon p\u00e4iv\u00e4\u00e4. Se on hieno aika kunnioittaa ty\u00f6ntekij\u00f6it\u00e4 ja heid\u00e4n kovaa ty\u00f6t\u00e4\u00e4n. Monet maat ymp\u00e4ri maailmaa ovat tehneet t\u00e4st\u00e4 p\u00e4iv\u00e4st\u00e4 virallisen juhlap\u00e4iv\u00e4n. Perheet viett\u00e4v\u00e4t laatuaikaa yhdess\u00e4, l\u00e4heiset yst\u00e4v\u00e4t kokoontuvat piknikille ja ahkerat ihmiset nauttivat hyvin ansaitusta levosta. Ty\u00f6n p\u00e4iv\u00e4 on kuitenkin paljon muutakin kuin pelkk\u00e4 vapaap\u00e4iv\u00e4. Sill\u00e4 on rikas historia, joka on muuttanut t\u00e4ysin nykyajan ty\u00f6el\u00e4m\u00e4\u00e4. Se muistuttaa meit\u00e4 ty\u00f6el\u00e4m\u00e4n ihmisarvon puolesta k\u00e4yt\u00e4v\u00e4st\u00e4 ankarasta taistelusta. Jokainen ihminen ansaitsee selv\u00e4sti turvallisen ymp\u00e4rist\u00f6n ja oikeudenmukaisen palkkion ponnisteluistaan.        <\/p>\n\n<!--more-->\n\n<h2 class=\"wp-block-heading\">Toukokuun ensimm\u00e4isen p\u00e4iv\u00e4n todellinen alkuper\u00e4<\/h2>\n\n<p>Labor Dayn todellinen tarina alkaa Yhdysvalloissa. Toukokuussa vuonna kahdeksantoista kahdeksankymment\u00e4kuusi Chicagon kaupungissa rohkeat ty\u00f6l\u00e4iset j\u00e4rjestiv\u00e4t suuren julkisen lakon. He vaativat oikeudenmukaista kahdeksan tunnin ty\u00f6p\u00e4iv\u00e4\u00e4 kaikille ihmisille. Tuohon aikaan tavalliset ihmiset tekiv\u00e4t hyvin pitki\u00e4 ty\u00f6p\u00e4ivi\u00e4 t\u00e4ysin vaarallisissa olosuhteissa. Ty\u00f6nantajat pakottivat ty\u00f6ntekij\u00e4ns\u00e4 usein ty\u00f6skentelem\u00e4\u00e4n per\u00e4ti kuusitoista tuntia p\u00e4iv\u00e4ss\u00e4. Ty\u00f6ntekij\u00f6ill\u00e4 oli hyvin v\u00e4h\u00e4n vapaa-aikaa lev\u00e4t\u00e4 tai perustaa perheit\u00e4. Chicagon mielenosoitukset synnyttiv\u00e4t lopulta valtavan yhteiskunnallisen liikkeen. Ihmiset tajusivat nopeasti, ett\u00e4 oli suuri tarve pit\u00e4\u00e4 yht\u00e4. Yhdess\u00e4 he alkoivat vaatia parempaa kohtelua ja oikeudenmukaisia ty\u00f6s\u00e4\u00e4nt\u00f6j\u00e4. He osoittivat uskomatonta henkil\u00f6kohtaista rohkeutta ep\u00e4reiluja pomoja vastaan.         <\/p>\n\n<h2 class=\"wp-block-heading\">Ty\u00f6ntekij\u00f6iden oikeuksien maailmanlaajuinen levi\u00e4minen<\/h2>\n\n<p>Muutama vuosi n\u00e4iden historiallisten tapahtumien j\u00e4lkeen Euroopan kansainv\u00e4liset johtajat p\u00e4\u00e4ttiv\u00e4t kunnioittaa urheita amerikkalaisia ty\u00f6ntekij\u00f6it\u00e4. He valitsivat toukokuun p\u00e4iv\u00e4n virallisesti kansainv\u00e4liseksi ty\u00f6l\u00e4isten p\u00e4iv\u00e4ksi. T\u00e4m\u00e4n t\u00e4rke\u00e4n maailmanlaajuisen juhlap\u00e4iv\u00e4n suosio on sittemmin kasvanut valtavasti. Siit\u00e4 on nopeasti tullut voimakas ty\u00f6ntekij\u00f6iden yhten\u00e4isyyden symboli ihmisille kaikkialla maailmassa. Eri maiden ty\u00f6l\u00e4iset alkoivat v\u00e4hitellen muodostaa ryhmi\u00e4 puolustaakseen aktiivisesti etujaan. He taistelivat oikeudenmukaisten v\u00e4himm\u00e4ispalkkojen, viikonlopputaukojen ja turvallisten tehtaiden puolesta. Heid\u00e4n valtavien ponnistelujensa ansiosta nautimme nyky\u00e4\u00e4n monista ty\u00f6suojelutoimista. N\u00e4it\u00e4 nykyaikaisia mukavuuksia pidet\u00e4\u00e4n nyky\u00e4\u00e4n usein virheellisesti itsest\u00e4\u00e4nselvyyksin\u00e4. Nykyaikaiset ty\u00f6normit ovat n\u00e4iden sankarillisten pioneerien ansiota.        <\/p>\n\n<h2 class=\"wp-block-heading\">Miksi ty\u00f6l\u00e4isten p\u00e4iv\u00e4 on edelleen t\u00e4rke\u00e4<\/h2>\n\n<p>Nyky\u00e4\u00e4n ty\u00f6n p\u00e4iv\u00e4 on selv\u00e4sti edelleen hyvin voimakas ja t\u00e4rke\u00e4 historiallinen symboli. Se osoittaa hyvin selv\u00e4sti reilun ja rehellisen ty\u00f6n valtavan merkityksen. Nykyaikaiset ty\u00f6ntekij\u00e4t vaativat edelleen luotettavaa palkkaa, t\u00e4ytt\u00e4 oikeusturvaa ja tervett\u00e4 el\u00e4m\u00e4n tasapainoa. He tarvitsevat selke\u00e4n tasapainon p\u00e4ivitt\u00e4isen ty\u00f6ns\u00e4 ja normaalin yksityisel\u00e4m\u00e4ns\u00e4 v\u00e4lill\u00e4. Maailma muuttuu koko ajan nopeasti, mutta ihmisen perustarve kunnioitukseen ei katoa koskaan. Valitettavasti monet ihmiset joutuvat edelleen kohtaamaan ep\u00e4oikeudenmukaisia ty\u00f6oloja tai matalaa palkkaa. Ty\u00f6n p\u00e4iv\u00e4 muistuttaa meit\u00e4 siit\u00e4, ett\u00e4 meid\u00e4n on aina arvostettava omaa osaamistamme. Se kannustaa meit\u00e4 etsim\u00e4\u00e4n parempia uramahdollisuuksia. Jokainen ty\u00f6ntekij\u00e4 ansaitsee t\u00e4ysin nykyaikaisen ty\u00f6paikan fyysist\u00e4 ja henkist\u00e4 hyvinvointiaan varten.        <\/p>\n\n<h2 class=\"wp-block-heading\"><a href=\"https:\/\/atena.org\">L\u00f6yd\u00e4 t\u00e4ydellinen ty\u00f6paikka Atenan avulla<\/a><\/h2>\n\n<p>Me <a href=\"https:\/\/atena.org\">Atenalla uskomme todella , <\/a>ett\u00e4 jokainen ahkera ty\u00f6ntekij\u00e4 ansaitsee loistavan ty\u00f6n ja turvallisen el\u00e4m\u00e4n. Autamme asiantuntevasti omistautuneita l\u00e4\u00e4ketieteen ammattilaisia, kokeneita hoitajia ja ammattitaitoisia ruumiillisen ty\u00f6n tekij\u00f6it\u00e4. L\u00f6yd\u00e4mme heille menestyksekk\u00e4\u00e4sti erinomaisia ty\u00f6mahdollisuuksia L\u00e4nsi-Euroopasta. Olemme jo pitk\u00e4\u00e4n keskittyneet kehittyneisiin maihin, kuten Saksaan, It\u00e4valtaan ja nykyaikaiseen Alankomaihin. Emme koskaan veloita sinulta mit\u00e4\u00e4n piilomaksuja laadukkaista palveluistamme. Meilt\u00e4 saat aina nopeasti t\u00e4ysin laillisen ty\u00f6sopimuksen, erinomaisen palkan ja ammattitaitoisen tuen. J\u00e4rjest\u00e4mme huolellisesti matkustuslogistiikan puolestasi. Olemme jatkuvasti luotettava &#8221;yst\u00e4v\u00e4si puhelimessa&#8221; vuorokauden ymp\u00e4ri. \u00c4l\u00e4 ep\u00e4r\u00f6i ottaa v\u00e4litt\u00f6m\u00e4sti yhteytt\u00e4 Atenaan. Rakenna parempi tulevaisuus ja hanki arvostusta.         <\/p>\n\n<p><\/p>\n","protected":false},"excerpt":{"rendered":"<p>Toukokuun p\u00e4iv\u00e4 on t\u00e4rke\u00e4 maailmanlaajuinen juhla, jossa keskityt\u00e4\u00e4n pitk\u00e4\u00e4n historialliseen taisteluun oikeudenmukaisten ty\u00f6olojen ja ihmisarvon puolesta. Uudessa artikkelissamme tarkastellaan yksityiskohtaisesti t\u00e4m\u00e4n juhlap\u00e4iv\u00e4n voimakkaita ja inspiroivia alkul\u00e4hteit\u00e4 Chicagon rohkeiden ty\u00f6ntekij\u00f6iden kanssa. Selit\u00e4mme my\u00f6s selke\u00e4sti n\u00e4iden perusoikeuksien merkityksen menestyksekk\u00e4\u00e4n uran rakentamisessa aivan uudessa maassa. Lue koko kirjoituksemme ja selvit\u00e4, miten oikeat sopimukset voivat turvata tulevaisuutesi ulkomailla mahdollisimman hyvin.   <\/p>\n","protected":false},"author":20,"featured_media":382488,"comment_status":"closed","ping_status":"open","sticky":false,"template":"","format":"standard","meta":{"footnotes":""},"categories":[815,847],"tags":[],"acf":{"facebookpost":"\ud83c\udf1f Hyv\u00e4\u00e4 ty\u00f6nteon p\u00e4iv\u00e4\u00e4! Tied\u00e4tk\u00f6 oikean tarinan t\u00e4m\u00e4n t\u00e4rke\u00e4n historiallisen juhlap\u00e4iv\u00e4n takana? Uusimmassa artikkelissamme syvennyt\u00e4\u00e4n toukokuun p\u00e4iv\u00e4n rikkaaseen historiaan ja selitet\u00e4\u00e4n ty\u00f6ntekij\u00f6iden oikeuksien nykyist\u00e4 merkityst\u00e4. \ud83d\udcbc\u2708\ufe0f Lue koko artikkeli ja selvit\u00e4, miten l\u00f6yd\u00e4t turvallisesti ty\u00f6paikan ulkomailta! \ud83d\udc47","popis_socialneho_obrazku":"Ty\u00f6n p\u00e4iv\u00e4n historia"},"yoast_head":"<!-- This site is optimized with the Yoast SEO plugin v22.6 - https:\/\/yoast.com\/wordpress\/plugins\/seo\/ -->\n<title>Ty\u00f6n p\u00e4iv\u00e4n merkitys - Atena blog<\/title>\n<meta name=\"description\" content=\"Tutustu ty\u00f6n p\u00e4iv\u00e4n todelliseen alkuper\u00e4\u00e4n ja selvit\u00e4, miksi oikeudenmukaiset ty\u00f6ntekij\u00f6iden oikeudet ovat edelleen t\u00e4rkeit\u00e4. Hanki turvallinen ty\u00f6skentely ulkomailla.\" \/>\n<meta name=\"robots\" content=\"index, follow, max-snippet:-1, max-image-preview:large, max-video-preview:-1\" \/>\n<link rel=\"canonical\" href=\"https:\/\/atena.sk\/blog\/fi\/tyon-paivan-merkitys\/\" \/>\n<meta property=\"og:locale\" content=\"fi_FI\" \/>\n<meta property=\"og:type\" content=\"article\" \/>\n<meta property=\"og:title\" content=\"Ty\u00f6n p\u00e4iv\u00e4n merkitys - Atena blog\" \/>\n<meta property=\"og:description\" content=\"Ty\u00f6n p\u00e4iv\u00e4 on erityisen voimakas muistutus siit\u00e4, ett\u00e4 jokainen ty\u00f6ntekij\u00e4 tarvitsee turvallisuutta, syv\u00e4\u00e4 kunnioitusta ja oikeudenmukaista palkkaa. T\u00e4ss\u00e4 uudessa blogikirjoituksessa syvennyt\u00e4\u00e4n toukokuun p\u00e4iv\u00e4n rikkaaseen historiaan ja sen kest\u00e4v\u00e4\u00e4n vaikutukseen nykyajan ty\u00f6llisyyteen. Siin\u00e4 korostetaan suoraan, miten valtavan t\u00e4rke\u00e4\u00e4 on varmistaa oikeudellisesti sitovat sopimukset ennen ulkomaille t\u00f6ihin l\u00e4ht\u00f6\u00e4. Tutustu nopeasti siihen, miten oikeanlainen ammattimainen tuki voi varmistaa saumattoman ja t\u00e4ysin turvallisen siirtymisen ulkomaille.\" \/>\n<meta property=\"og:url\" content=\"https:\/\/atena.sk\/blog\/fi\/tyon-paivan-merkitys\/\" \/>\n<meta property=\"og:site_name\" content=\"Atena blog\" \/>\n<meta property=\"article:published_time\" content=\"2026-04-29T15:00:32+00:00\" \/>\n<meta property=\"article:modified_time\" content=\"2026-04-29T15:01:08+00:00\" \/>\n<meta property=\"og:image\" content=\"https:\/\/atena.sk\/blog\/wp-content\/uploads\/2026\/04\/AdobeStock_281549501-1024x576.jpg\" \/>\n<meta name=\"author\" content=\"Marin Nedelev\" \/>\n<meta name=\"twitter:label1\" content=\"Kirjoittanut\" \/>\n\t<meta name=\"twitter:data1\" content=\"Marin Nedelev\" \/>\n\t<meta name=\"twitter:label2\" content=\"Arvioitu lukuaika\" \/>\n\t<meta name=\"twitter:data2\" content=\"3 minuuttia\" \/>\n<script type=\"application\/ld+json\" class=\"yoast-schema-graph\">{\"@context\":\"https:\/\/schema.org\",\"@graph\":[{\"@type\":\"NewsArticle\",\"@id\":\"https:\/\/atena.sk\/blog\/fi\/tyon-paivan-merkitys\/#article\",\"isPartOf\":{\"@id\":\"https:\/\/atena.sk\/blog\/fi\/tyon-paivan-merkitys\/\"},\"author\":{\"name\":\"Marin Nedelev\",\"@id\":\"https:\/\/atena.sk\/blog\/fi\/#\/schema\/person\/0ae6c6390563d6555f91b0db4767e168\"},\"headline\":\"Ty\u00f6n p\u00e4iv\u00e4n merkitys\",\"datePublished\":\"2026-04-29T15:00:32+00:00\",\"dateModified\":\"2026-04-29T15:01:08+00:00\",\"mainEntityOfPage\":{\"@id\":\"https:\/\/atena.sk\/blog\/fi\/tyon-paivan-merkitys\/\"},\"wordCount\":644,\"publisher\":{\"@id\":\"https:\/\/atena.sk\/blog\/fi\/#organization\"},\"image\":{\"@id\":\"https:\/\/atena.sk\/blog\/fi\/tyon-paivan-merkitys\/#primaryimage\"},\"thumbnailUrl\":\"https:\/\/atena.sk\/blog\/wp-content\/uploads\/2026\/04\/AdobeStock_281549501-scaled.jpg\",\"articleSection\":[\"Asiakkaat\",\"Yritykset\"],\"inLanguage\":\"fi\"},{\"@type\":[\"WebPage\",\"ItemPage\"],\"@id\":\"https:\/\/atena.sk\/blog\/fi\/tyon-paivan-merkitys\/\",\"url\":\"https:\/\/atena.sk\/blog\/fi\/tyon-paivan-merkitys\/\",\"name\":\"Ty\u00f6n p\u00e4iv\u00e4n merkitys - Atena blog\",\"isPartOf\":{\"@id\":\"https:\/\/atena.sk\/blog\/fi\/#website\"},\"primaryImageOfPage\":{\"@id\":\"https:\/\/atena.sk\/blog\/fi\/tyon-paivan-merkitys\/#primaryimage\"},\"image\":{\"@id\":\"https:\/\/atena.sk\/blog\/fi\/tyon-paivan-merkitys\/#primaryimage\"},\"thumbnailUrl\":\"https:\/\/atena.sk\/blog\/wp-content\/uploads\/2026\/04\/AdobeStock_281549501-scaled.jpg\",\"datePublished\":\"2026-04-29T15:00:32+00:00\",\"dateModified\":\"2026-04-29T15:01:08+00:00\",\"description\":\"Tutustu ty\u00f6n p\u00e4iv\u00e4n todelliseen alkuper\u00e4\u00e4n ja selvit\u00e4, miksi oikeudenmukaiset ty\u00f6ntekij\u00f6iden oikeudet ovat edelleen t\u00e4rkeit\u00e4. Hanki turvallinen ty\u00f6skentely ulkomailla.\",\"breadcrumb\":{\"@id\":\"https:\/\/atena.sk\/blog\/fi\/tyon-paivan-merkitys\/#breadcrumb\"},\"inLanguage\":\"fi\",\"potentialAction\":[{\"@type\":\"ReadAction\",\"target\":[\"https:\/\/atena.sk\/blog\/fi\/tyon-paivan-merkitys\/\"]}]},{\"@type\":\"ImageObject\",\"inLanguage\":\"fi\",\"@id\":\"https:\/\/atena.sk\/blog\/fi\/tyon-paivan-merkitys\/#primaryimage\",\"url\":\"https:\/\/atena.sk\/blog\/wp-content\/uploads\/2026\/04\/AdobeStock_281549501-scaled.jpg\",\"contentUrl\":\"https:\/\/atena.sk\/blog\/wp-content\/uploads\/2026\/04\/AdobeStock_281549501-scaled.jpg\",\"width\":2780,\"height\":1564,\"caption\":\"sviatok pr\u00e1ce\"},{\"@type\":\"BreadcrumbList\",\"@id\":\"https:\/\/atena.sk\/blog\/fi\/tyon-paivan-merkitys\/#breadcrumb\",\"itemListElement\":[{\"@type\":\"ListItem\",\"position\":1,\"name\":\"Home\",\"item\":\"https:\/\/atena.sk\/blog\/fi\/valitse-bloggaamisen-osio\/\"},{\"@type\":\"ListItem\",\"position\":2,\"name\":\"Ty\u00f6n p\u00e4iv\u00e4n merkitys\"}]},{\"@type\":\"WebSite\",\"@id\":\"https:\/\/atena.sk\/blog\/fi\/#website\",\"url\":\"https:\/\/atena.sk\/blog\/fi\/\",\"name\":\"Atena blog\",\"description\":\"Blog spolo\u010dnosti atena\",\"publisher\":{\"@id\":\"https:\/\/atena.sk\/blog\/fi\/#organization\"},\"potentialAction\":[{\"@type\":\"SearchAction\",\"target\":{\"@type\":\"EntryPoint\",\"urlTemplate\":\"https:\/\/atena.sk\/blog\/fi\/?s={search_term_string}\"},\"query-input\":\"required name=search_term_string\"}],\"inLanguage\":\"fi\"},{\"@type\":\"Organization\",\"@id\":\"https:\/\/atena.sk\/blog\/fi\/#organization\",\"name\":\"ATENA\",\"url\":\"https:\/\/atena.sk\/blog\/fi\/\",\"logo\":{\"@type\":\"ImageObject\",\"inLanguage\":\"fi\",\"@id\":\"https:\/\/atena.sk\/blog\/fi\/#\/schema\/logo\/image\/\",\"url\":\"https:\/\/atena.sk\/blog\/wp-content\/uploads\/2022\/08\/logo.png\",\"contentUrl\":\"https:\/\/atena.sk\/blog\/wp-content\/uploads\/2022\/08\/logo.png\",\"width\":3543,\"height\":3543,\"caption\":\"ATENA\"},\"image\":{\"@id\":\"https:\/\/atena.sk\/blog\/fi\/#\/schema\/logo\/image\/\"}},{\"@type\":\"Person\",\"@id\":\"https:\/\/atena.sk\/blog\/fi\/#\/schema\/person\/0ae6c6390563d6555f91b0db4767e168\",\"name\":\"Marin Nedelev\",\"image\":{\"@type\":\"ImageObject\",\"inLanguage\":\"fi\",\"@id\":\"https:\/\/atena.sk\/blog\/fi\/#\/schema\/person\/image\/\",\"url\":\"https:\/\/secure.gravatar.com\/avatar\/c7908085eb1039e4706a94fc58b04d66?s=96&d=mm&r=g\",\"contentUrl\":\"https:\/\/secure.gravatar.com\/avatar\/c7908085eb1039e4706a94fc58b04d66?s=96&d=mm&r=g\",\"caption\":\"Marin Nedelev\"},\"url\":\"https:\/\/atena.sk\/blog\/fi\/author\/marin-nedelev\/\"}]}<\/script>\n<!-- \/ Yoast SEO plugin. -->","yoast_head_json":{"title":"Ty\u00f6n p\u00e4iv\u00e4n merkitys - Atena blog","description":"Tutustu ty\u00f6n p\u00e4iv\u00e4n todelliseen alkuper\u00e4\u00e4n ja selvit\u00e4, miksi oikeudenmukaiset ty\u00f6ntekij\u00f6iden oikeudet ovat edelleen t\u00e4rkeit\u00e4. Hanki turvallinen ty\u00f6skentely ulkomailla.","robots":{"index":"index","follow":"follow","max-snippet":"max-snippet:-1","max-image-preview":"max-image-preview:large","max-video-preview":"max-video-preview:-1"},"canonical":"https:\/\/atena.sk\/blog\/fi\/tyon-paivan-merkitys\/","og_locale":"fi_FI","og_type":"article","og_title":"Ty\u00f6n p\u00e4iv\u00e4n merkitys - Atena blog","og_description":"Ty\u00f6n p\u00e4iv\u00e4 on erityisen voimakas muistutus siit\u00e4, ett\u00e4 jokainen ty\u00f6ntekij\u00e4 tarvitsee turvallisuutta, syv\u00e4\u00e4 kunnioitusta ja oikeudenmukaista palkkaa. T\u00e4ss\u00e4 uudessa blogikirjoituksessa syvennyt\u00e4\u00e4n toukokuun p\u00e4iv\u00e4n rikkaaseen historiaan ja sen kest\u00e4v\u00e4\u00e4n vaikutukseen nykyajan ty\u00f6llisyyteen. Siin\u00e4 korostetaan suoraan, miten valtavan t\u00e4rke\u00e4\u00e4 on varmistaa oikeudellisesti sitovat sopimukset ennen ulkomaille t\u00f6ihin l\u00e4ht\u00f6\u00e4. Tutustu nopeasti siihen, miten oikeanlainen ammattimainen tuki voi varmistaa saumattoman ja t\u00e4ysin turvallisen siirtymisen ulkomaille.","og_url":"https:\/\/atena.sk\/blog\/fi\/tyon-paivan-merkitys\/","og_site_name":"Atena blog","article_published_time":"2026-04-29T15:00:32+00:00","article_modified_time":"2026-04-29T15:01:08+00:00","og_image":[{"url":"https:\/\/atena.sk\/blog\/wp-content\/uploads\/2026\/04\/AdobeStock_281549501-1024x576.jpg"}],"author":"Marin Nedelev","twitter_misc":{"Kirjoittanut":"Marin Nedelev","Arvioitu lukuaika":"3 minuuttia"},"schema":{"@context":"https:\/\/schema.org","@graph":[{"@type":"NewsArticle","@id":"https:\/\/atena.sk\/blog\/fi\/tyon-paivan-merkitys\/#article","isPartOf":{"@id":"https:\/\/atena.sk\/blog\/fi\/tyon-paivan-merkitys\/"},"author":{"name":"Marin Nedelev","@id":"https:\/\/atena.sk\/blog\/fi\/#\/schema\/person\/0ae6c6390563d6555f91b0db4767e168"},"headline":"Ty\u00f6n p\u00e4iv\u00e4n merkitys","datePublished":"2026-04-29T15:00:32+00:00","dateModified":"2026-04-29T15:01:08+00:00","mainEntityOfPage":{"@id":"https:\/\/atena.sk\/blog\/fi\/tyon-paivan-merkitys\/"},"wordCount":644,"publisher":{"@id":"https:\/\/atena.sk\/blog\/fi\/#organization"},"image":{"@id":"https:\/\/atena.sk\/blog\/fi\/tyon-paivan-merkitys\/#primaryimage"},"thumbnailUrl":"https:\/\/atena.sk\/blog\/wp-content\/uploads\/2026\/04\/AdobeStock_281549501-scaled.jpg","articleSection":["Asiakkaat","Yritykset"],"inLanguage":"fi"},{"@type":["WebPage","ItemPage"],"@id":"https:\/\/atena.sk\/blog\/fi\/tyon-paivan-merkitys\/","url":"https:\/\/atena.sk\/blog\/fi\/tyon-paivan-merkitys\/","name":"Ty\u00f6n p\u00e4iv\u00e4n merkitys - Atena blog","isPartOf":{"@id":"https:\/\/atena.sk\/blog\/fi\/#website"},"primaryImageOfPage":{"@id":"https:\/\/atena.sk\/blog\/fi\/tyon-paivan-merkitys\/#primaryimage"},"image":{"@id":"https:\/\/atena.sk\/blog\/fi\/tyon-paivan-merkitys\/#primaryimage"},"thumbnailUrl":"https:\/\/atena.sk\/blog\/wp-content\/uploads\/2026\/04\/AdobeStock_281549501-scaled.jpg","datePublished":"2026-04-29T15:00:32+00:00","dateModified":"2026-04-29T15:01:08+00:00","description":"Tutustu ty\u00f6n p\u00e4iv\u00e4n todelliseen alkuper\u00e4\u00e4n ja selvit\u00e4, miksi oikeudenmukaiset ty\u00f6ntekij\u00f6iden oikeudet ovat edelleen t\u00e4rkeit\u00e4. Hanki turvallinen ty\u00f6skentely ulkomailla.","breadcrumb":{"@id":"https:\/\/atena.sk\/blog\/fi\/tyon-paivan-merkitys\/#breadcrumb"},"inLanguage":"fi","potentialAction":[{"@type":"ReadAction","target":["https:\/\/atena.sk\/blog\/fi\/tyon-paivan-merkitys\/"]}]},{"@type":"ImageObject","inLanguage":"fi","@id":"https:\/\/atena.sk\/blog\/fi\/tyon-paivan-merkitys\/#primaryimage","url":"https:\/\/atena.sk\/blog\/wp-content\/uploads\/2026\/04\/AdobeStock_281549501-scaled.jpg","contentUrl":"https:\/\/atena.sk\/blog\/wp-content\/uploads\/2026\/04\/AdobeStock_281549501-scaled.jpg","width":2780,"height":1564,"caption":"sviatok pr\u00e1ce"},{"@type":"BreadcrumbList","@id":"https:\/\/atena.sk\/blog\/fi\/tyon-paivan-merkitys\/#breadcrumb","itemListElement":[{"@type":"ListItem","position":1,"name":"Home","item":"https:\/\/atena.sk\/blog\/fi\/valitse-bloggaamisen-osio\/"},{"@type":"ListItem","position":2,"name":"Ty\u00f6n p\u00e4iv\u00e4n merkitys"}]},{"@type":"WebSite","@id":"https:\/\/atena.sk\/blog\/fi\/#website","url":"https:\/\/atena.sk\/blog\/fi\/","name":"Atena blog","description":"Blog spolo\u010dnosti atena","publisher":{"@id":"https:\/\/atena.sk\/blog\/fi\/#organization"},"potentialAction":[{"@type":"SearchAction","target":{"@type":"EntryPoint","urlTemplate":"https:\/\/atena.sk\/blog\/fi\/?s={search_term_string}"},"query-input":"required name=search_term_string"}],"inLanguage":"fi"},{"@type":"Organization","@id":"https:\/\/atena.sk\/blog\/fi\/#organization","name":"ATENA","url":"https:\/\/atena.sk\/blog\/fi\/","logo":{"@type":"ImageObject","inLanguage":"fi","@id":"https:\/\/atena.sk\/blog\/fi\/#\/schema\/logo\/image\/","url":"https:\/\/atena.sk\/blog\/wp-content\/uploads\/2022\/08\/logo.png","contentUrl":"https:\/\/atena.sk\/blog\/wp-content\/uploads\/2022\/08\/logo.png","width":3543,"height":3543,"caption":"ATENA"},"image":{"@id":"https:\/\/atena.sk\/blog\/fi\/#\/schema\/logo\/image\/"}},{"@type":"Person","@id":"https:\/\/atena.sk\/blog\/fi\/#\/schema\/person\/0ae6c6390563d6555f91b0db4767e168","name":"Marin Nedelev","image":{"@type":"ImageObject","inLanguage":"fi","@id":"https:\/\/atena.sk\/blog\/fi\/#\/schema\/person\/image\/","url":"https:\/\/secure.gravatar.com\/avatar\/c7908085eb1039e4706a94fc58b04d66?s=96&d=mm&r=g","contentUrl":"https:\/\/secure.gravatar.com\/avatar\/c7908085eb1039e4706a94fc58b04d66?s=96&d=mm&r=g","caption":"Marin Nedelev"},"url":"https:\/\/atena.sk\/blog\/fi\/author\/marin-nedelev\/"}]}},"_links":{"self":[{"href":"https:\/\/atena.sk\/blog\/fi\/wp-json\/wp\/v2\/posts\/382509"}],"collection":[{"href":"https:\/\/atena.sk\/blog\/fi\/wp-json\/wp\/v2\/posts"}],"about":[{"href":"https:\/\/atena.sk\/blog\/fi\/wp-json\/wp\/v2\/types\/post"}],"author":[{"embeddable":true,"href":"https:\/\/atena.sk\/blog\/fi\/wp-json\/wp\/v2\/users\/20"}],"replies":[{"embeddable":true,"href":"https:\/\/atena.sk\/blog\/fi\/wp-json\/wp\/v2\/comments?post=382509"}],"version-history":[{"count":1,"href":"https:\/\/atena.sk\/blog\/fi\/wp-json\/wp\/v2\/posts\/382509\/revisions"}],"predecessor-version":[{"id":382513,"href":"https:\/\/atena.sk\/blog\/fi\/wp-json\/wp\/v2\/posts\/382509\/revisions\/382513"}],"wp:featuredmedia":[{"embeddable":true,"href":"https:\/\/atena.sk\/blog\/fi\/wp-json\/wp\/v2\/media\/382488"}],"wp:attachment":[{"href":"https:\/\/atena.sk\/blog\/fi\/wp-json\/wp\/v2\/media?parent=382509"}],"wp:term":[{"taxonomy":"category","embeddable":true,"href":"https:\/\/atena.sk\/blog\/fi\/wp-json\/wp\/v2\/categories?post=382509"},{"taxonomy":"post_tag","embeddable":true,"href":"https:\/\/atena.sk\/blog\/fi\/wp-json\/wp\/v2\/tags?post=382509"}],"curies":[{"name":"wp","href":"https:\/\/api.w.org\/{rel}","templated":true}]}}