{"id":382517,"date":"2026-04-29T17:00:32","date_gmt":"2026-04-29T15:00:32","guid":{"rendered":"https:\/\/atena.sk\/blog\/la-signification-de-la-fete-du-travail\/"},"modified":"2026-04-29T17:01:16","modified_gmt":"2026-04-29T15:01:16","slug":"la-signification-de-la-fete-du-travail","status":"publish","type":"post","link":"https:\/\/atena.sk\/blog\/fr\/la-signification-de-la-fete-du-travail\/","title":{"rendered":"La signification de la f\u00eate du travail"},"content":{"rendered":"\n<p>Le 1er mai est une date tr\u00e8s sp\u00e9ciale dans le calendrier. Dans le monde entier, les gens c\u00e9l\u00e8brent la f\u00eate du travail ce jour-l\u00e0. C&rsquo;est un moment privil\u00e9gi\u00e9 pour rendre hommage aux travailleurs et \u00e0 leur dur labeur. De nombreux pays ont fait de cette journ\u00e9e un jour f\u00e9ri\u00e9 officiel. Les familles passent de bons moments ensemble, les amis proches se retrouvent pour un pique-nique et les travailleurs profitent d&rsquo;un repos bien m\u00e9rit\u00e9. Cependant, la f\u00eate du travail est bien plus qu&rsquo;un simple jour de cong\u00e9. Elle a une histoire riche qui a compl\u00e8tement chang\u00e9 le monde du travail moderne. Elle nous rappelle la lutte acharn\u00e9e pour la dignit\u00e9 humaine au travail. Chaque personne m\u00e9rite clairement un environnement s\u00fbr et une juste r\u00e9compense pour ses efforts.        <\/p>\n\n<!--more-->\n\n<h2 class=\"wp-block-heading\">La v\u00e9ritable origine du 1er mai<\/h2>\n\n<p>La v\u00e9ritable histoire de la f\u00eate du travail commence aux \u00c9tats-Unis. En mai de l&rsquo;ann\u00e9e mille huit cent quatre-vingt-six, des travailleurs courageux de la ville de Chicago ont organis\u00e9 une grande gr\u00e8ve publique. Ils r\u00e9clamaient une journ\u00e9e de travail \u00e9quitable de huit heures pour tous. \u00c0 l&rsquo;\u00e9poque, les gens ordinaires travaillaient de tr\u00e8s longues heures dans des conditions absolument dangereuses. Les employeurs obligeaient souvent leurs employ\u00e9s \u00e0 travailler seize heures par jour. Les travailleurs avaient tr\u00e8s peu de temps libre pour se reposer ou fonder une famille. Les manifestations de Chicago ont fini par d\u00e9clencher un vaste mouvement social. Les gens ont rapidement pris conscience de la n\u00e9cessit\u00e9 de se serrer les coudes. Ensemble, ils ont commenc\u00e9 \u00e0 exiger un meilleur traitement et des r\u00e8gles de travail \u00e9quitables. Ils ont fait preuve d&rsquo;un courage personnel incroyable face \u00e0 des patrons injustes.         <\/p>\n\n<h2 class=\"wp-block-heading\">Diffusion mondiale des droits des travailleurs<\/h2>\n\n<p>Quelques ann\u00e9es apr\u00e8s ces \u00e9v\u00e9nements historiques, les dirigeants internationaux en Europe ont d\u00e9cid\u00e9 d&rsquo;honorer les courageux travailleurs am\u00e9ricains. Ils ont officiellement choisi le 1er mai comme Journ\u00e9e internationale des travailleurs. Cette importante f\u00eate mondiale a depuis lors connu une popularit\u00e9 consid\u00e9rable. Elle est rapidement devenue un puissant symbole de l&rsquo;unit\u00e9 des travailleurs pour les peuples du monde entier. Les travailleurs de diff\u00e9rents pays ont progressivement commenc\u00e9 \u00e0 former des groupes pour d\u00e9fendre activement leurs int\u00e9r\u00eats. Ils se sont battus pour obtenir des salaires minimums \u00e9quitables, des pauses le week-end et des usines s\u00fbres. Gr\u00e2ce \u00e0 leurs efforts consid\u00e9rables, nous b\u00e9n\u00e9ficions aujourd&rsquo;hui de nombreuses protections en mati\u00e8re de travail. Ces commodit\u00e9s modernes sont souvent consid\u00e9r\u00e9es \u00e0 tort comme allant de soi aujourd&rsquo;hui. C&rsquo;est \u00e0 ces pionniers h\u00e9ro\u00efques que nous devons nos normes de travail modernes.        <\/p>\n\n<h2 class=\"wp-block-heading\">Pourquoi la f\u00eate du travail est-elle encore importante aujourd&rsquo;hui ?<\/h2>\n\n<p>Aujourd&rsquo;hui, la f\u00eate du travail reste un symbole historique tr\u00e8s puissant et tr\u00e8s important. Elle montre tr\u00e8s clairement l&rsquo;importance consid\u00e9rable d&rsquo;un travail juste et honn\u00eate. Les salari\u00e9s modernes exigent toujours des salaires fiables, une s\u00e9curit\u00e9 juridique totale et un \u00e9quilibre de vie sain. Ils ont besoin d&rsquo;un \u00e9quilibre clair entre leur travail quotidien et leur vie personnelle normale. Le monde \u00e9volue rapidement, mais le besoin fondamental de respect de l&rsquo;\u00eatre humain ne dispara\u00eet jamais. Malheureusement, de nombreuses personnes sont encore confront\u00e9es \u00e0 des conditions de travail injustes ou \u00e0 de faibles r\u00e9mun\u00e9rations. La f\u00eate du travail nous rappelle de toujours valoriser nos propres comp\u00e9tences. Elle nous encourage \u00e0 rechercher de meilleures opportunit\u00e9s de carri\u00e8re. Chaque travailleur m\u00e9rite pleinement un lieu de travail moderne pour son bien-\u00eatre physique et mental.        <\/p>\n\n<h2 class=\"wp-block-heading\"><a href=\"https:\/\/atena.org\">Trouvez votre emploi id\u00e9al avec Atena<\/a><\/h2>\n\n<p>Chez <a href=\"https:\/\/atena.org\">Atena <\/a>, nous sommes convaincus que chaque travailleur m\u00e9rite un emploi fantastique et une vie en toute s\u00e9curit\u00e9. Nous aidons de mani\u00e8re experte les professionnels de la sant\u00e9 d\u00e9vou\u00e9s, les soignants exp\u00e9riment\u00e9s et les travailleurs manuels qualifi\u00e9s. Nous leur trouvons d&rsquo;excellentes opportunit\u00e9s d&#8217;emploi en Europe occidentale. Nous nous concentrons depuis longtemps sur les pays d\u00e9velopp\u00e9s tels que l&rsquo;Allemagne, l&rsquo;Autriche et les Pays-Bas modernes. Nous ne vous facturons jamais de frais cach\u00e9s pour nos services de qualit\u00e9. Avec nous, vous recevrez toujours rapidement un contrat de travail enti\u00e8rement l\u00e9gal, d&rsquo;excellents salaires et un soutien professionnel. Nous organisons soigneusement la logistique de votre voyage. Nous restons toujours votre \u00ab\u00a0ami au t\u00e9l\u00e9phone\u00a0\u00bb fiable vingt-quatre heures sur vingt-quatre. N&rsquo;h\u00e9sitez pas \u00e0 contacter Atena imm\u00e9diatement. Construisez un meilleur avenir et gagnez le respect.         <\/p>\n\n<p><\/p>\n","protected":false},"excerpt":{"rendered":"<p>Le 1er mai est une c\u00e9l\u00e9bration mondiale importante qui met l&rsquo;accent sur la longue lutte historique pour des conditions de travail \u00e9quitables et la dignit\u00e9 humaine fondamentale. Notre nouvel article explore en d\u00e9tail les origines puissantes et inspirantes de cette f\u00eate avec des travailleurs courageux de Chicago. Nous expliquons aussi clairement l&rsquo;importance de ces droits fondamentaux dans la construction d&rsquo;une carri\u00e8re r\u00e9ussie dans un tout nouveau pays. Lisez notre article complet pour d\u00e9couvrir comment les bons contrats peuvent prot\u00e9ger au maximum votre avenir \u00e0 l&rsquo;\u00e9tranger.   <\/p>\n","protected":false},"author":20,"featured_media":382489,"comment_status":"closed","ping_status":"open","sticky":false,"template":"","format":"standard","meta":{"footnotes":""},"categories":[432,452],"tags":[],"acf":{"facebookpost":"\ud83c\udf1f Bonne f\u00eate du travail ! Connaissez-vous la v\u00e9ritable histoire qui se cache derri\u00e8re cette f\u00eate historique importante ? Notre dernier article plonge dans la riche histoire du 1er mai et explique l'importance actuelle des droits des travailleurs. \ud83d\udcbc\u2708\ufe0f Lisez l'article complet pour d\u00e9couvrir comment trouver un emploi \u00e0 l'\u00e9tranger en toute s\u00e9curit\u00e9 ! \ud83d\udc47","popis_socialneho_obrazku":"Histoire de la f\u00eate du travail"},"yoast_head":"<!-- This site is optimized with the Yoast SEO plugin v22.6 - https:\/\/yoast.com\/wordpress\/plugins\/seo\/ -->\n<title>La signification de la f\u00eate du travail - Le blog d&#039;Atena<\/title>\n<meta name=\"description\" content=\"D\u00e9couvrez les v\u00e9ritables origines de la f\u00eate du travail et comprenez pourquoi les droits \u00e9quitables des travailleurs sont toujours importants. Travaillez en toute s\u00e9curit\u00e9 \u00e0 l&#039;\u00e9tranger.\" \/>\n<meta name=\"robots\" content=\"index, follow, max-snippet:-1, max-image-preview:large, max-video-preview:-1\" \/>\n<link rel=\"canonical\" href=\"https:\/\/atena.sk\/blog\/fr\/la-signification-de-la-fete-du-travail\/\" \/>\n<meta property=\"og:locale\" content=\"fr_FR\" \/>\n<meta property=\"og:type\" content=\"article\" \/>\n<meta property=\"og:title\" content=\"La signification de la f\u00eate du travail - Le blog d&#039;Atena\" \/>\n<meta property=\"og:description\" content=\"La f\u00eate du travail est un rappel particuli\u00e8rement fort du besoin de s\u00e9curit\u00e9, de respect profond et de r\u00e9mun\u00e9ration \u00e9quitable pour chaque travailleur. Ce nouvel article de blog se penche sur la riche histoire du 1er mai et sur son impact durable sur l&#039;emploi moderne. Il met directement en lumi\u00e8re l&#039;importance capitale de conclure des accords juridiquement contraignants avant de partir travailler dans un pays \u00e9tranger. D\u00e9couvrez rapidement comment un soutien professionnel ad\u00e9quat peut garantir une transition sans heurts et en toute s\u00e9curit\u00e9 \u00e0 l&#039;\u00e9tranger.\" \/>\n<meta property=\"og:url\" content=\"https:\/\/atena.sk\/blog\/fr\/la-signification-de-la-fete-du-travail\/\" \/>\n<meta property=\"og:site_name\" content=\"Le blog d&#039;Atena\" \/>\n<meta property=\"article:published_time\" content=\"2026-04-29T15:00:32+00:00\" \/>\n<meta property=\"article:modified_time\" content=\"2026-04-29T15:01:16+00:00\" \/>\n<meta property=\"og:image\" content=\"https:\/\/atena.sk\/blog\/wp-content\/uploads\/2026\/04\/AdobeStock_281549501-1024x576.jpg\" \/>\n<meta name=\"author\" content=\"Marin Nedelev\" \/>\n<meta name=\"twitter:label1\" content=\"\u00c9crit par\" \/>\n\t<meta name=\"twitter:data1\" content=\"Marin Nedelev\" \/>\n\t<meta name=\"twitter:label2\" content=\"Dur\u00e9e de lecture estim\u00e9e\" \/>\n\t<meta name=\"twitter:data2\" content=\"4 minutes\" \/>\n<script type=\"application\/ld+json\" class=\"yoast-schema-graph\">{\"@context\":\"https:\/\/schema.org\",\"@graph\":[{\"@type\":\"NewsArticle\",\"@id\":\"https:\/\/atena.sk\/blog\/fr\/la-signification-de-la-fete-du-travail\/#article\",\"isPartOf\":{\"@id\":\"https:\/\/atena.sk\/blog\/fr\/la-signification-de-la-fete-du-travail\/\"},\"author\":{\"name\":\"Marin Nedelev\",\"@id\":\"https:\/\/atena.sk\/blog\/fr\/#\/schema\/person\/0ae6c6390563d6555f91b0db4767e168\"},\"headline\":\"La signification de la f\u00eate du travail\",\"datePublished\":\"2026-04-29T15:00:32+00:00\",\"dateModified\":\"2026-04-29T15:01:16+00:00\",\"mainEntityOfPage\":{\"@id\":\"https:\/\/atena.sk\/blog\/fr\/la-signification-de-la-fete-du-travail\/\"},\"wordCount\":771,\"publisher\":{\"@id\":\"https:\/\/atena.sk\/blog\/fr\/#organization\"},\"image\":{\"@id\":\"https:\/\/atena.sk\/blog\/fr\/la-signification-de-la-fete-du-travail\/#primaryimage\"},\"thumbnailUrl\":\"https:\/\/atena.sk\/blog\/wp-content\/uploads\/2026\/04\/AdobeStock_281549501-scaled.jpg\",\"articleSection\":[\"Entreprises\",\"Clients\"],\"inLanguage\":\"fr-FR\"},{\"@type\":[\"WebPage\",\"ItemPage\"],\"@id\":\"https:\/\/atena.sk\/blog\/fr\/la-signification-de-la-fete-du-travail\/\",\"url\":\"https:\/\/atena.sk\/blog\/fr\/la-signification-de-la-fete-du-travail\/\",\"name\":\"La signification de la f\u00eate du travail - Le blog d'Atena\",\"isPartOf\":{\"@id\":\"https:\/\/atena.sk\/blog\/fr\/#website\"},\"primaryImageOfPage\":{\"@id\":\"https:\/\/atena.sk\/blog\/fr\/la-signification-de-la-fete-du-travail\/#primaryimage\"},\"image\":{\"@id\":\"https:\/\/atena.sk\/blog\/fr\/la-signification-de-la-fete-du-travail\/#primaryimage\"},\"thumbnailUrl\":\"https:\/\/atena.sk\/blog\/wp-content\/uploads\/2026\/04\/AdobeStock_281549501-scaled.jpg\",\"datePublished\":\"2026-04-29T15:00:32+00:00\",\"dateModified\":\"2026-04-29T15:01:16+00:00\",\"description\":\"D\u00e9couvrez les v\u00e9ritables origines de la f\u00eate du travail et comprenez pourquoi les droits \u00e9quitables des travailleurs sont toujours importants. Travaillez en toute s\u00e9curit\u00e9 \u00e0 l'\u00e9tranger.\",\"breadcrumb\":{\"@id\":\"https:\/\/atena.sk\/blog\/fr\/la-signification-de-la-fete-du-travail\/#breadcrumb\"},\"inLanguage\":\"fr-FR\",\"potentialAction\":[{\"@type\":\"ReadAction\",\"target\":[\"https:\/\/atena.sk\/blog\/fr\/la-signification-de-la-fete-du-travail\/\"]}]},{\"@type\":\"ImageObject\",\"inLanguage\":\"fr-FR\",\"@id\":\"https:\/\/atena.sk\/blog\/fr\/la-signification-de-la-fete-du-travail\/#primaryimage\",\"url\":\"https:\/\/atena.sk\/blog\/wp-content\/uploads\/2026\/04\/AdobeStock_281549501-scaled.jpg\",\"contentUrl\":\"https:\/\/atena.sk\/blog\/wp-content\/uploads\/2026\/04\/AdobeStock_281549501-scaled.jpg\",\"width\":2780,\"height\":1564,\"caption\":\"sviatok pr\u00e1ce\"},{\"@type\":\"BreadcrumbList\",\"@id\":\"https:\/\/atena.sk\/blog\/fr\/la-signification-de-la-fete-du-travail\/#breadcrumb\",\"itemListElement\":[{\"@type\":\"ListItem\",\"position\":1,\"name\":\"Home\",\"item\":\"https:\/\/atena.sk\/blog\/fr\/choisissez-votre-section-de-blog\/\"},{\"@type\":\"ListItem\",\"position\":2,\"name\":\"La signification de la f\u00eate du travail\"}]},{\"@type\":\"WebSite\",\"@id\":\"https:\/\/atena.sk\/blog\/fr\/#website\",\"url\":\"https:\/\/atena.sk\/blog\/fr\/\",\"name\":\"Le blog d'Atena\",\"description\":\"Blog spolo\u010dnosti atena\",\"publisher\":{\"@id\":\"https:\/\/atena.sk\/blog\/fr\/#organization\"},\"potentialAction\":[{\"@type\":\"SearchAction\",\"target\":{\"@type\":\"EntryPoint\",\"urlTemplate\":\"https:\/\/atena.sk\/blog\/fr\/?s={search_term_string}\"},\"query-input\":\"required name=search_term_string\"}],\"inLanguage\":\"fr-FR\"},{\"@type\":\"Organization\",\"@id\":\"https:\/\/atena.sk\/blog\/fr\/#organization\",\"name\":\"ATENA\",\"url\":\"https:\/\/atena.sk\/blog\/fr\/\",\"logo\":{\"@type\":\"ImageObject\",\"inLanguage\":\"fr-FR\",\"@id\":\"https:\/\/atena.sk\/blog\/fr\/#\/schema\/logo\/image\/\",\"url\":\"https:\/\/atena.sk\/blog\/wp-content\/uploads\/2022\/08\/logo.png\",\"contentUrl\":\"https:\/\/atena.sk\/blog\/wp-content\/uploads\/2022\/08\/logo.png\",\"width\":3543,\"height\":3543,\"caption\":\"ATENA\"},\"image\":{\"@id\":\"https:\/\/atena.sk\/blog\/fr\/#\/schema\/logo\/image\/\"}},{\"@type\":\"Person\",\"@id\":\"https:\/\/atena.sk\/blog\/fr\/#\/schema\/person\/0ae6c6390563d6555f91b0db4767e168\",\"name\":\"Marin Nedelev\",\"image\":{\"@type\":\"ImageObject\",\"inLanguage\":\"fr-FR\",\"@id\":\"https:\/\/atena.sk\/blog\/fr\/#\/schema\/person\/image\/\",\"url\":\"https:\/\/secure.gravatar.com\/avatar\/c7908085eb1039e4706a94fc58b04d66?s=96&d=mm&r=g\",\"contentUrl\":\"https:\/\/secure.gravatar.com\/avatar\/c7908085eb1039e4706a94fc58b04d66?s=96&d=mm&r=g\",\"caption\":\"Marin Nedelev\"},\"url\":\"https:\/\/atena.sk\/blog\/fr\/author\/marin-nedelev\/\"}]}<\/script>\n<!-- \/ Yoast SEO plugin. -->","yoast_head_json":{"title":"La signification de la f\u00eate du travail - Le blog d'Atena","description":"D\u00e9couvrez les v\u00e9ritables origines de la f\u00eate du travail et comprenez pourquoi les droits \u00e9quitables des travailleurs sont toujours importants. Travaillez en toute s\u00e9curit\u00e9 \u00e0 l'\u00e9tranger.","robots":{"index":"index","follow":"follow","max-snippet":"max-snippet:-1","max-image-preview":"max-image-preview:large","max-video-preview":"max-video-preview:-1"},"canonical":"https:\/\/atena.sk\/blog\/fr\/la-signification-de-la-fete-du-travail\/","og_locale":"fr_FR","og_type":"article","og_title":"La signification de la f\u00eate du travail - Le blog d'Atena","og_description":"La f\u00eate du travail est un rappel particuli\u00e8rement fort du besoin de s\u00e9curit\u00e9, de respect profond et de r\u00e9mun\u00e9ration \u00e9quitable pour chaque travailleur. Ce nouvel article de blog se penche sur la riche histoire du 1er mai et sur son impact durable sur l'emploi moderne. Il met directement en lumi\u00e8re l'importance capitale de conclure des accords juridiquement contraignants avant de partir travailler dans un pays \u00e9tranger. D\u00e9couvrez rapidement comment un soutien professionnel ad\u00e9quat peut garantir une transition sans heurts et en toute s\u00e9curit\u00e9 \u00e0 l'\u00e9tranger.","og_url":"https:\/\/atena.sk\/blog\/fr\/la-signification-de-la-fete-du-travail\/","og_site_name":"Le blog d'Atena","article_published_time":"2026-04-29T15:00:32+00:00","article_modified_time":"2026-04-29T15:01:16+00:00","og_image":[{"url":"https:\/\/atena.sk\/blog\/wp-content\/uploads\/2026\/04\/AdobeStock_281549501-1024x576.jpg"}],"author":"Marin Nedelev","twitter_misc":{"\u00c9crit par":"Marin Nedelev","Dur\u00e9e de lecture estim\u00e9e":"4 minutes"},"schema":{"@context":"https:\/\/schema.org","@graph":[{"@type":"NewsArticle","@id":"https:\/\/atena.sk\/blog\/fr\/la-signification-de-la-fete-du-travail\/#article","isPartOf":{"@id":"https:\/\/atena.sk\/blog\/fr\/la-signification-de-la-fete-du-travail\/"},"author":{"name":"Marin Nedelev","@id":"https:\/\/atena.sk\/blog\/fr\/#\/schema\/person\/0ae6c6390563d6555f91b0db4767e168"},"headline":"La signification de la f\u00eate du travail","datePublished":"2026-04-29T15:00:32+00:00","dateModified":"2026-04-29T15:01:16+00:00","mainEntityOfPage":{"@id":"https:\/\/atena.sk\/blog\/fr\/la-signification-de-la-fete-du-travail\/"},"wordCount":771,"publisher":{"@id":"https:\/\/atena.sk\/blog\/fr\/#organization"},"image":{"@id":"https:\/\/atena.sk\/blog\/fr\/la-signification-de-la-fete-du-travail\/#primaryimage"},"thumbnailUrl":"https:\/\/atena.sk\/blog\/wp-content\/uploads\/2026\/04\/AdobeStock_281549501-scaled.jpg","articleSection":["Entreprises","Clients"],"inLanguage":"fr-FR"},{"@type":["WebPage","ItemPage"],"@id":"https:\/\/atena.sk\/blog\/fr\/la-signification-de-la-fete-du-travail\/","url":"https:\/\/atena.sk\/blog\/fr\/la-signification-de-la-fete-du-travail\/","name":"La signification de la f\u00eate du travail - Le blog d'Atena","isPartOf":{"@id":"https:\/\/atena.sk\/blog\/fr\/#website"},"primaryImageOfPage":{"@id":"https:\/\/atena.sk\/blog\/fr\/la-signification-de-la-fete-du-travail\/#primaryimage"},"image":{"@id":"https:\/\/atena.sk\/blog\/fr\/la-signification-de-la-fete-du-travail\/#primaryimage"},"thumbnailUrl":"https:\/\/atena.sk\/blog\/wp-content\/uploads\/2026\/04\/AdobeStock_281549501-scaled.jpg","datePublished":"2026-04-29T15:00:32+00:00","dateModified":"2026-04-29T15:01:16+00:00","description":"D\u00e9couvrez les v\u00e9ritables origines de la f\u00eate du travail et comprenez pourquoi les droits \u00e9quitables des travailleurs sont toujours importants. Travaillez en toute s\u00e9curit\u00e9 \u00e0 l'\u00e9tranger.","breadcrumb":{"@id":"https:\/\/atena.sk\/blog\/fr\/la-signification-de-la-fete-du-travail\/#breadcrumb"},"inLanguage":"fr-FR","potentialAction":[{"@type":"ReadAction","target":["https:\/\/atena.sk\/blog\/fr\/la-signification-de-la-fete-du-travail\/"]}]},{"@type":"ImageObject","inLanguage":"fr-FR","@id":"https:\/\/atena.sk\/blog\/fr\/la-signification-de-la-fete-du-travail\/#primaryimage","url":"https:\/\/atena.sk\/blog\/wp-content\/uploads\/2026\/04\/AdobeStock_281549501-scaled.jpg","contentUrl":"https:\/\/atena.sk\/blog\/wp-content\/uploads\/2026\/04\/AdobeStock_281549501-scaled.jpg","width":2780,"height":1564,"caption":"sviatok pr\u00e1ce"},{"@type":"BreadcrumbList","@id":"https:\/\/atena.sk\/blog\/fr\/la-signification-de-la-fete-du-travail\/#breadcrumb","itemListElement":[{"@type":"ListItem","position":1,"name":"Home","item":"https:\/\/atena.sk\/blog\/fr\/choisissez-votre-section-de-blog\/"},{"@type":"ListItem","position":2,"name":"La signification de la f\u00eate du travail"}]},{"@type":"WebSite","@id":"https:\/\/atena.sk\/blog\/fr\/#website","url":"https:\/\/atena.sk\/blog\/fr\/","name":"Le blog d'Atena","description":"Blog spolo\u010dnosti atena","publisher":{"@id":"https:\/\/atena.sk\/blog\/fr\/#organization"},"potentialAction":[{"@type":"SearchAction","target":{"@type":"EntryPoint","urlTemplate":"https:\/\/atena.sk\/blog\/fr\/?s={search_term_string}"},"query-input":"required name=search_term_string"}],"inLanguage":"fr-FR"},{"@type":"Organization","@id":"https:\/\/atena.sk\/blog\/fr\/#organization","name":"ATENA","url":"https:\/\/atena.sk\/blog\/fr\/","logo":{"@type":"ImageObject","inLanguage":"fr-FR","@id":"https:\/\/atena.sk\/blog\/fr\/#\/schema\/logo\/image\/","url":"https:\/\/atena.sk\/blog\/wp-content\/uploads\/2022\/08\/logo.png","contentUrl":"https:\/\/atena.sk\/blog\/wp-content\/uploads\/2022\/08\/logo.png","width":3543,"height":3543,"caption":"ATENA"},"image":{"@id":"https:\/\/atena.sk\/blog\/fr\/#\/schema\/logo\/image\/"}},{"@type":"Person","@id":"https:\/\/atena.sk\/blog\/fr\/#\/schema\/person\/0ae6c6390563d6555f91b0db4767e168","name":"Marin Nedelev","image":{"@type":"ImageObject","inLanguage":"fr-FR","@id":"https:\/\/atena.sk\/blog\/fr\/#\/schema\/person\/image\/","url":"https:\/\/secure.gravatar.com\/avatar\/c7908085eb1039e4706a94fc58b04d66?s=96&d=mm&r=g","contentUrl":"https:\/\/secure.gravatar.com\/avatar\/c7908085eb1039e4706a94fc58b04d66?s=96&d=mm&r=g","caption":"Marin Nedelev"},"url":"https:\/\/atena.sk\/blog\/fr\/author\/marin-nedelev\/"}]}},"_links":{"self":[{"href":"https:\/\/atena.sk\/blog\/fr\/wp-json\/wp\/v2\/posts\/382517"}],"collection":[{"href":"https:\/\/atena.sk\/blog\/fr\/wp-json\/wp\/v2\/posts"}],"about":[{"href":"https:\/\/atena.sk\/blog\/fr\/wp-json\/wp\/v2\/types\/post"}],"author":[{"embeddable":true,"href":"https:\/\/atena.sk\/blog\/fr\/wp-json\/wp\/v2\/users\/20"}],"replies":[{"embeddable":true,"href":"https:\/\/atena.sk\/blog\/fr\/wp-json\/wp\/v2\/comments?post=382517"}],"version-history":[{"count":1,"href":"https:\/\/atena.sk\/blog\/fr\/wp-json\/wp\/v2\/posts\/382517\/revisions"}],"predecessor-version":[{"id":382521,"href":"https:\/\/atena.sk\/blog\/fr\/wp-json\/wp\/v2\/posts\/382517\/revisions\/382521"}],"wp:featuredmedia":[{"embeddable":true,"href":"https:\/\/atena.sk\/blog\/fr\/wp-json\/wp\/v2\/media\/382489"}],"wp:attachment":[{"href":"https:\/\/atena.sk\/blog\/fr\/wp-json\/wp\/v2\/media?parent=382517"}],"wp:term":[{"taxonomy":"category","embeddable":true,"href":"https:\/\/atena.sk\/blog\/fr\/wp-json\/wp\/v2\/categories?post=382517"},{"taxonomy":"post_tag","embeddable":true,"href":"https:\/\/atena.sk\/blog\/fr\/wp-json\/wp\/v2\/tags?post=382517"}],"curies":[{"name":"wp","href":"https:\/\/api.w.org\/{rel}","templated":true}]}}