{"id":382518,"date":"2026-04-29T17:00:32","date_gmt":"2026-04-29T15:00:32","guid":{"rendered":"https:\/\/atena.sk\/blog\/znacenje-praznika-rada\/"},"modified":"2026-04-29T17:01:17","modified_gmt":"2026-04-29T15:01:17","slug":"znacenje-praznika-rada","status":"publish","type":"post","link":"https:\/\/atena.sk\/blog\/hr\/znacenje-praznika-rada\/","title":{"rendered":"Zna\u010denje Praznika rada"},"content":{"rendered":"\n<p>Prvi maj je vrlo poseban datum u kalendaru. Ljudi diljem svijeta na ovaj dan slave Praznik rada. To je prekrasno vrijeme za odavanje po\u010dasti radnicima i njihovom napornom radu. Mnoge zemlje diljem svijeta proglasile su ovaj dan slu\u017ebenim dr\u017eavnim praznikom. Obitelji provode kvalitetno vrijeme zajedno, bliski prijatelji okupljaju se na piknicima, a vrijedni ljudi u\u017eivaju u zaslu\u017eenom odmoru. Ali Praznik rada je puno vi\u0161e od pukog slobodnog dana s posla. Ima bogatu povijest koja je potpuno transformirala moderno radno mjesto. Podsje\u0107a nas na te\u0161ku borbu za ljudsko dostojanstvo na radu. Svaka osoba o\u010dito zaslu\u017euje sigurno okru\u017eenje i pravednu naknadu za svoj trud.        <\/p>\n\n<!--more-->\n\n<h2 class=\"wp-block-heading\">Pravo podrijetlo Prvog svibnja<\/h2>\n\n<p>Prava pri\u010da o Prazniku rada po\u010dinje u Sjedinjenim Dr\u017eavama. U svibnju 1886. godine, hrabri radnici u gradu Chicagu organizirali su masovni javni \u0161trajk. Zahtijevali su po\u0161ten osmosatni radni dan za sve ljude. U to vrijeme, obi\u010dni ljudi radili su vrlo dugo u potpuno nesigurnim uvjetima. Poslodavci su \u010desto prisiljavali svoje zaposlenike da rade nevjerojatnih \u0161esnaest sati dnevno. Radnici su imali vrlo malo slobodnog vremena za odmor ili obitelj. Prosvjedi u Chicagu na kraju su potaknuli ogroman dru\u0161tveni pokret. Ljudi su brzo shvatili sna\u017enu potrebu da se dr\u017ee zajedno. Zajedno su po\u010deli zahtijevati bolji tretman i pravedna pravila rada. Pokazali su nevjerojatnu osobnu hrabrost protiv nepravednih \u0161efova.         <\/p>\n\n<h2 class=\"wp-block-heading\">Globalna rasprostranjenost prava zaposlenika<\/h2>\n\n<p>Nekoliko godina nakon ovih povijesnih doga\u0111aja, me\u0111unarodni \u010delnici u Europi odlu\u010dili su odati po\u010dast hrabrim ameri\u010dkim radnicima. Slu\u017ebeno su proglasili 1. svibnja Me\u0111unarodnim danom rada. Ovaj va\u017ean globalni praznik od tada je postao popularan. Brzo je postao sna\u017ean simbol radni\u010dkog jedinstva za ljude diljem svijeta. Radnici u raznim zemljama po\u010deli su formirati grupe kako bi aktivno \u0161titili svoje interese. Borili su se za pravedne minimalne pla\u0107e, vikend odmore i sigurne tvornice. Zahvaljuju\u0107i njihovim ogromnim naporima, u\u017eivamo u mnogim za\u0161titama rada koje danas u\u017eivamo. \u010cesto uzimamo ove moderne pogodnosti zdravo za gotovo. Na\u0161e moderne radne standarde dugujemo tim ranim herojskim pionirima.        <\/p>\n\n<h2 class=\"wp-block-heading\">Za\u0161to je Praznik rada i danas va\u017ean<\/h2>\n\n<p>Danas Praznik rada o\u010dito ostaje vrlo sna\u017ean i va\u017ean povijesni simbol. Vrlo jasno pokazuje ogromnu va\u017enost po\u0161tenog i po\u0161tenog rada. Moderni zaposlenici i dalje zahtijevaju pouzdane pla\u0107e, potpunu pravnu sigurnost i zdravu ravnote\u017eu izme\u0111u poslovnog i privatnog \u017eivota. Potrebna im je jasna uskla\u0111enost izme\u0111u svakodnevnog rada i normalnog osobnog \u017eivota. Svijet se stalno brzo mijenja, ali osnovna ljudska potreba za po\u0161tovanjem nikada ne nestaje. Na\u017ealost, mnogi se ljudi i dalje suo\u010davaju s nepravednim uvjetima rada ili niskim pla\u0107ama. Praznik rada podsje\u0107a nas da uvijek cijenimo vlastite vje\u0161tine. Poti\u010de nas da tra\u017eimo bolje karijerne mogu\u0107nosti. Svaki radnik u potpunosti zaslu\u017euje moderno radno mjesto za svoju fizi\u010dku i mentalnu dobrobit.        <\/p>\n\n<h2 class=\"wp-block-heading\"><a href=\"https:\/\/atena.sk\/?_locale=hr\">Prona\u0111ite svoj savr\u0161eni posao s Atenom<\/a><\/h2>\n\n<p>U <a href=\"https:\/\/atena.sk\/?_locale=hr\">Ateni<\/a> istinski vjerujemo da svaki vrijedan radnik zaslu\u017euje fantasti\u010dan posao i siguran \u017eivot. Profesionalno poma\u017eemo predanim zdravstvenim djelatnicima, iskusnim njegovateljima i kvalificiranim manualnim radnicima. Uspje\u0161no im pronalazimo izvrsne mogu\u0107nosti za posao u zapadnoj Europi. Dugoro\u010dni smo fokus na razvijene zemlje poput Njema\u010dke, Austrije i moderne Nizozemske. Nikada vam ne napla\u0107ujemo nikakve skrivene naknade za na\u0161e kvalitetne usluge. S nama \u0107ete uvijek brzo dobiti potpuno legalan ugovor o radu, izvrsnu pla\u0107u i profesionalnu podr\u0161ku. Pa\u017eljivo organiziramo putnu logistiku za vas. Ostajemo va\u0161 pouzdani \u201etelefonski prijatelj\u201c 24 sata dnevno. Ne ustru\u010davajte se odmah kontaktirati Atenu. Izgradite bolju budu\u0107nost i zaslu\u017eite po\u0161tovanje.         <\/p>\n\n<p><\/p>\n","protected":false},"excerpt":{"rendered":"<p>Prvi maj je va\u017ena globalna proslava koja slavi dugu, povijesnu borbu za pravedne uvjete rada i osnovno ljudsko dostojanstvo. Na\u0161 novi \u010dlanak detaljnije se bavi sna\u017enim i inspirativnim podrijetlom praznika s hrabrim radnicima u Chicagu. Tako\u0111er jasno obja\u0161njavamo va\u017enost ovih temeljnih prava pri izgradnji uspje\u0161ne karijere u potpuno novoj zemlji. Pro\u010ditajte cijeli na\u0161 \u010dlanak kako biste saznali kako pravi ugovori mogu maksimizirati va\u0161u budu\u0107nost u inozemstvu.   <\/p>\n","protected":false},"author":20,"featured_media":382484,"comment_status":"closed","ping_status":"open","sticky":false,"template":"","format":"standard","meta":{"footnotes":""},"categories":[131,152],"tags":[],"acf":{"facebookpost":"\ud83c\udf1f Sretan Praznik rada! Znate li pravu pri\u010du koja stoji iza ovog va\u017enog povijesnog blagdana? Na\u0161 najnoviji \u010dlanak istra\u017euje bogatu povijest Prvog svibnja i obja\u0161njava trenutnu va\u017enost prava zaposlenika. \ud83d\udcbc\u2708\ufe0f Pro\u010ditajte cijelu objavu kako biste saznali kako sigurno prona\u0107i posao u inozemstvu! \ud83d\udc47","popis_socialneho_obrazku":"Povijest Praznika rada"},"yoast_head":"<!-- This site is optimized with the Yoast SEO plugin v22.6 - https:\/\/yoast.com\/wordpress\/plugins\/seo\/ -->\n<title>Zna\u010denje Praznika rada - Atena blog<\/title>\n<meta name=\"description\" content=\"Otkrijte pravo podrijetlo Praznika rada i saznajte za\u0161to su pravedna prava radnika jo\u0161 uvijek va\u017ena. Prona\u0111ite siguran posao u inozemstvu.\" \/>\n<meta name=\"robots\" content=\"index, follow, max-snippet:-1, max-image-preview:large, max-video-preview:-1\" \/>\n<link rel=\"canonical\" href=\"https:\/\/atena.sk\/blog\/hr\/znacenje-praznika-rada\/\" \/>\n<meta property=\"og:locale\" content=\"hr_HR\" \/>\n<meta property=\"og:type\" content=\"article\" \/>\n<meta property=\"og:title\" content=\"Zna\u010denje Praznika rada - Atena blog\" \/>\n<meta property=\"og:description\" content=\"Praznik rada slu\u017ei kao posebno sna\u017ean podsjetnik na potrebu za sigurno\u0161\u0107u, dubokim po\u0161tovanjem i pravednom pla\u0107om za svakog radnika. Ova nova objava na blogu istra\u017euje bogatu povijest Prvog svibnja i njegov trajni utjecaj na moderno zapo\u0161ljavanje. Izravno isti\u010de golemu va\u017enost sklapanja pravno obvezuju\u0107ih sporazuma prije odlaska na rad u stranu zemlju. Otkrijte brz na\u010din da osigurate nesmetan i potpuno siguran prijelaz u inozemstvo uz pravu stru\u010dnu podr\u0161ku.\" \/>\n<meta property=\"og:url\" content=\"https:\/\/atena.sk\/blog\/hr\/znacenje-praznika-rada\/\" \/>\n<meta property=\"og:site_name\" content=\"Atena blog\" \/>\n<meta property=\"article:published_time\" content=\"2026-04-29T15:00:32+00:00\" \/>\n<meta property=\"article:modified_time\" content=\"2026-04-29T15:01:17+00:00\" \/>\n<meta property=\"og:image\" content=\"https:\/\/atena.sk\/blog\/wp-content\/uploads\/2026\/04\/AdobeStock_281549501-1024x576.jpg\" \/>\n<meta name=\"author\" content=\"Marin Nedelev\" \/>\n<meta name=\"twitter:label1\" content=\"Napisao\/la\" \/>\n\t<meta name=\"twitter:data1\" content=\"Marin Nedelev\" \/>\n\t<meta name=\"twitter:label2\" content=\"Procijenjeno vrijeme \u010ditanja\" \/>\n\t<meta name=\"twitter:data2\" content=\"3 minutes\" \/>\n<script type=\"application\/ld+json\" class=\"yoast-schema-graph\">{\"@context\":\"https:\/\/schema.org\",\"@graph\":[{\"@type\":\"NewsArticle\",\"@id\":\"https:\/\/atena.sk\/blog\/hr\/znacenje-praznika-rada\/#article\",\"isPartOf\":{\"@id\":\"https:\/\/atena.sk\/blog\/hr\/znacenje-praznika-rada\/\"},\"author\":{\"name\":\"Marin Nedelev\",\"@id\":\"https:\/\/atena.sk\/blog\/hr\/#\/schema\/person\/0ae6c6390563d6555f91b0db4767e168\"},\"headline\":\"Zna\u010denje Praznika rada\",\"datePublished\":\"2026-04-29T15:00:32+00:00\",\"dateModified\":\"2026-04-29T15:01:17+00:00\",\"mainEntityOfPage\":{\"@id\":\"https:\/\/atena.sk\/blog\/hr\/znacenje-praznika-rada\/\"},\"wordCount\":617,\"publisher\":{\"@id\":\"https:\/\/atena.sk\/blog\/hr\/#organization\"},\"image\":{\"@id\":\"https:\/\/atena.sk\/blog\/hr\/znacenje-praznika-rada\/#primaryimage\"},\"thumbnailUrl\":\"https:\/\/atena.sk\/blog\/wp-content\/uploads\/2026\/04\/AdobeStock_281549501-scaled.jpg\",\"articleSection\":[\"Klijenti\",\"Tvrtke\"],\"inLanguage\":\"hr\"},{\"@type\":[\"WebPage\",\"ItemPage\"],\"@id\":\"https:\/\/atena.sk\/blog\/hr\/znacenje-praznika-rada\/\",\"url\":\"https:\/\/atena.sk\/blog\/hr\/znacenje-praznika-rada\/\",\"name\":\"Zna\u010denje Praznika rada - Atena blog\",\"isPartOf\":{\"@id\":\"https:\/\/atena.sk\/blog\/hr\/#website\"},\"primaryImageOfPage\":{\"@id\":\"https:\/\/atena.sk\/blog\/hr\/znacenje-praznika-rada\/#primaryimage\"},\"image\":{\"@id\":\"https:\/\/atena.sk\/blog\/hr\/znacenje-praznika-rada\/#primaryimage\"},\"thumbnailUrl\":\"https:\/\/atena.sk\/blog\/wp-content\/uploads\/2026\/04\/AdobeStock_281549501-scaled.jpg\",\"datePublished\":\"2026-04-29T15:00:32+00:00\",\"dateModified\":\"2026-04-29T15:01:17+00:00\",\"description\":\"Otkrijte pravo podrijetlo Praznika rada i saznajte za\u0161to su pravedna prava radnika jo\u0161 uvijek va\u017ena. Prona\u0111ite siguran posao u inozemstvu.\",\"breadcrumb\":{\"@id\":\"https:\/\/atena.sk\/blog\/hr\/znacenje-praznika-rada\/#breadcrumb\"},\"inLanguage\":\"hr\",\"potentialAction\":[{\"@type\":\"ReadAction\",\"target\":[\"https:\/\/atena.sk\/blog\/hr\/znacenje-praznika-rada\/\"]}]},{\"@type\":\"ImageObject\",\"inLanguage\":\"hr\",\"@id\":\"https:\/\/atena.sk\/blog\/hr\/znacenje-praznika-rada\/#primaryimage\",\"url\":\"https:\/\/atena.sk\/blog\/wp-content\/uploads\/2026\/04\/AdobeStock_281549501-scaled.jpg\",\"contentUrl\":\"https:\/\/atena.sk\/blog\/wp-content\/uploads\/2026\/04\/AdobeStock_281549501-scaled.jpg\",\"width\":2780,\"height\":1564,\"caption\":\"sviatok pr\u00e1ce\"},{\"@type\":\"BreadcrumbList\",\"@id\":\"https:\/\/atena.sk\/blog\/hr\/znacenje-praznika-rada\/#breadcrumb\",\"itemListElement\":[{\"@type\":\"ListItem\",\"position\":1,\"name\":\"Home\",\"item\":\"https:\/\/atena.sk\/blog\/hr\/\"},{\"@type\":\"ListItem\",\"position\":2,\"name\":\"Zna\u010denje Praznika rada\"}]},{\"@type\":\"WebSite\",\"@id\":\"https:\/\/atena.sk\/blog\/hr\/#website\",\"url\":\"https:\/\/atena.sk\/blog\/hr\/\",\"name\":\"Atena blog\",\"description\":\"Blog spolo\u010dnosti atena\",\"publisher\":{\"@id\":\"https:\/\/atena.sk\/blog\/hr\/#organization\"},\"potentialAction\":[{\"@type\":\"SearchAction\",\"target\":{\"@type\":\"EntryPoint\",\"urlTemplate\":\"https:\/\/atena.sk\/blog\/hr\/?s={search_term_string}\"},\"query-input\":\"required name=search_term_string\"}],\"inLanguage\":\"hr\"},{\"@type\":\"Organization\",\"@id\":\"https:\/\/atena.sk\/blog\/hr\/#organization\",\"name\":\"ATENA\",\"url\":\"https:\/\/atena.sk\/blog\/hr\/\",\"logo\":{\"@type\":\"ImageObject\",\"inLanguage\":\"hr\",\"@id\":\"https:\/\/atena.sk\/blog\/hr\/#\/schema\/logo\/image\/\",\"url\":\"https:\/\/atena.sk\/blog\/wp-content\/uploads\/2022\/08\/logo.png\",\"contentUrl\":\"https:\/\/atena.sk\/blog\/wp-content\/uploads\/2022\/08\/logo.png\",\"width\":3543,\"height\":3543,\"caption\":\"ATENA\"},\"image\":{\"@id\":\"https:\/\/atena.sk\/blog\/hr\/#\/schema\/logo\/image\/\"}},{\"@type\":\"Person\",\"@id\":\"https:\/\/atena.sk\/blog\/hr\/#\/schema\/person\/0ae6c6390563d6555f91b0db4767e168\",\"name\":\"Marin Nedelev\",\"image\":{\"@type\":\"ImageObject\",\"inLanguage\":\"hr\",\"@id\":\"https:\/\/atena.sk\/blog\/hr\/#\/schema\/person\/image\/\",\"url\":\"https:\/\/secure.gravatar.com\/avatar\/c7908085eb1039e4706a94fc58b04d66?s=96&d=mm&r=g\",\"contentUrl\":\"https:\/\/secure.gravatar.com\/avatar\/c7908085eb1039e4706a94fc58b04d66?s=96&d=mm&r=g\",\"caption\":\"Marin Nedelev\"},\"url\":\"https:\/\/atena.sk\/blog\/hr\/author\/marin-nedelev\/\"}]}<\/script>\n<!-- \/ Yoast SEO plugin. -->","yoast_head_json":{"title":"Zna\u010denje Praznika rada - Atena blog","description":"Otkrijte pravo podrijetlo Praznika rada i saznajte za\u0161to su pravedna prava radnika jo\u0161 uvijek va\u017ena. Prona\u0111ite siguran posao u inozemstvu.","robots":{"index":"index","follow":"follow","max-snippet":"max-snippet:-1","max-image-preview":"max-image-preview:large","max-video-preview":"max-video-preview:-1"},"canonical":"https:\/\/atena.sk\/blog\/hr\/znacenje-praznika-rada\/","og_locale":"hr_HR","og_type":"article","og_title":"Zna\u010denje Praznika rada - Atena blog","og_description":"Praznik rada slu\u017ei kao posebno sna\u017ean podsjetnik na potrebu za sigurno\u0161\u0107u, dubokim po\u0161tovanjem i pravednom pla\u0107om za svakog radnika. Ova nova objava na blogu istra\u017euje bogatu povijest Prvog svibnja i njegov trajni utjecaj na moderno zapo\u0161ljavanje. Izravno isti\u010de golemu va\u017enost sklapanja pravno obvezuju\u0107ih sporazuma prije odlaska na rad u stranu zemlju. Otkrijte brz na\u010din da osigurate nesmetan i potpuno siguran prijelaz u inozemstvo uz pravu stru\u010dnu podr\u0161ku.","og_url":"https:\/\/atena.sk\/blog\/hr\/znacenje-praznika-rada\/","og_site_name":"Atena blog","article_published_time":"2026-04-29T15:00:32+00:00","article_modified_time":"2026-04-29T15:01:17+00:00","og_image":[{"url":"https:\/\/atena.sk\/blog\/wp-content\/uploads\/2026\/04\/AdobeStock_281549501-1024x576.jpg"}],"author":"Marin Nedelev","twitter_misc":{"Napisao\/la":"Marin Nedelev","Procijenjeno vrijeme \u010ditanja":"3 minutes"},"schema":{"@context":"https:\/\/schema.org","@graph":[{"@type":"NewsArticle","@id":"https:\/\/atena.sk\/blog\/hr\/znacenje-praznika-rada\/#article","isPartOf":{"@id":"https:\/\/atena.sk\/blog\/hr\/znacenje-praznika-rada\/"},"author":{"name":"Marin Nedelev","@id":"https:\/\/atena.sk\/blog\/hr\/#\/schema\/person\/0ae6c6390563d6555f91b0db4767e168"},"headline":"Zna\u010denje Praznika rada","datePublished":"2026-04-29T15:00:32+00:00","dateModified":"2026-04-29T15:01:17+00:00","mainEntityOfPage":{"@id":"https:\/\/atena.sk\/blog\/hr\/znacenje-praznika-rada\/"},"wordCount":617,"publisher":{"@id":"https:\/\/atena.sk\/blog\/hr\/#organization"},"image":{"@id":"https:\/\/atena.sk\/blog\/hr\/znacenje-praznika-rada\/#primaryimage"},"thumbnailUrl":"https:\/\/atena.sk\/blog\/wp-content\/uploads\/2026\/04\/AdobeStock_281549501-scaled.jpg","articleSection":["Klijenti","Tvrtke"],"inLanguage":"hr"},{"@type":["WebPage","ItemPage"],"@id":"https:\/\/atena.sk\/blog\/hr\/znacenje-praznika-rada\/","url":"https:\/\/atena.sk\/blog\/hr\/znacenje-praznika-rada\/","name":"Zna\u010denje Praznika rada - Atena blog","isPartOf":{"@id":"https:\/\/atena.sk\/blog\/hr\/#website"},"primaryImageOfPage":{"@id":"https:\/\/atena.sk\/blog\/hr\/znacenje-praznika-rada\/#primaryimage"},"image":{"@id":"https:\/\/atena.sk\/blog\/hr\/znacenje-praznika-rada\/#primaryimage"},"thumbnailUrl":"https:\/\/atena.sk\/blog\/wp-content\/uploads\/2026\/04\/AdobeStock_281549501-scaled.jpg","datePublished":"2026-04-29T15:00:32+00:00","dateModified":"2026-04-29T15:01:17+00:00","description":"Otkrijte pravo podrijetlo Praznika rada i saznajte za\u0161to su pravedna prava radnika jo\u0161 uvijek va\u017ena. Prona\u0111ite siguran posao u inozemstvu.","breadcrumb":{"@id":"https:\/\/atena.sk\/blog\/hr\/znacenje-praznika-rada\/#breadcrumb"},"inLanguage":"hr","potentialAction":[{"@type":"ReadAction","target":["https:\/\/atena.sk\/blog\/hr\/znacenje-praznika-rada\/"]}]},{"@type":"ImageObject","inLanguage":"hr","@id":"https:\/\/atena.sk\/blog\/hr\/znacenje-praznika-rada\/#primaryimage","url":"https:\/\/atena.sk\/blog\/wp-content\/uploads\/2026\/04\/AdobeStock_281549501-scaled.jpg","contentUrl":"https:\/\/atena.sk\/blog\/wp-content\/uploads\/2026\/04\/AdobeStock_281549501-scaled.jpg","width":2780,"height":1564,"caption":"sviatok pr\u00e1ce"},{"@type":"BreadcrumbList","@id":"https:\/\/atena.sk\/blog\/hr\/znacenje-praznika-rada\/#breadcrumb","itemListElement":[{"@type":"ListItem","position":1,"name":"Home","item":"https:\/\/atena.sk\/blog\/hr\/"},{"@type":"ListItem","position":2,"name":"Zna\u010denje Praznika rada"}]},{"@type":"WebSite","@id":"https:\/\/atena.sk\/blog\/hr\/#website","url":"https:\/\/atena.sk\/blog\/hr\/","name":"Atena blog","description":"Blog spolo\u010dnosti atena","publisher":{"@id":"https:\/\/atena.sk\/blog\/hr\/#organization"},"potentialAction":[{"@type":"SearchAction","target":{"@type":"EntryPoint","urlTemplate":"https:\/\/atena.sk\/blog\/hr\/?s={search_term_string}"},"query-input":"required name=search_term_string"}],"inLanguage":"hr"},{"@type":"Organization","@id":"https:\/\/atena.sk\/blog\/hr\/#organization","name":"ATENA","url":"https:\/\/atena.sk\/blog\/hr\/","logo":{"@type":"ImageObject","inLanguage":"hr","@id":"https:\/\/atena.sk\/blog\/hr\/#\/schema\/logo\/image\/","url":"https:\/\/atena.sk\/blog\/wp-content\/uploads\/2022\/08\/logo.png","contentUrl":"https:\/\/atena.sk\/blog\/wp-content\/uploads\/2022\/08\/logo.png","width":3543,"height":3543,"caption":"ATENA"},"image":{"@id":"https:\/\/atena.sk\/blog\/hr\/#\/schema\/logo\/image\/"}},{"@type":"Person","@id":"https:\/\/atena.sk\/blog\/hr\/#\/schema\/person\/0ae6c6390563d6555f91b0db4767e168","name":"Marin Nedelev","image":{"@type":"ImageObject","inLanguage":"hr","@id":"https:\/\/atena.sk\/blog\/hr\/#\/schema\/person\/image\/","url":"https:\/\/secure.gravatar.com\/avatar\/c7908085eb1039e4706a94fc58b04d66?s=96&d=mm&r=g","contentUrl":"https:\/\/secure.gravatar.com\/avatar\/c7908085eb1039e4706a94fc58b04d66?s=96&d=mm&r=g","caption":"Marin Nedelev"},"url":"https:\/\/atena.sk\/blog\/hr\/author\/marin-nedelev\/"}]}},"_links":{"self":[{"href":"https:\/\/atena.sk\/blog\/hr\/wp-json\/wp\/v2\/posts\/382518"}],"collection":[{"href":"https:\/\/atena.sk\/blog\/hr\/wp-json\/wp\/v2\/posts"}],"about":[{"href":"https:\/\/atena.sk\/blog\/hr\/wp-json\/wp\/v2\/types\/post"}],"author":[{"embeddable":true,"href":"https:\/\/atena.sk\/blog\/hr\/wp-json\/wp\/v2\/users\/20"}],"replies":[{"embeddable":true,"href":"https:\/\/atena.sk\/blog\/hr\/wp-json\/wp\/v2\/comments?post=382518"}],"version-history":[{"count":1,"href":"https:\/\/atena.sk\/blog\/hr\/wp-json\/wp\/v2\/posts\/382518\/revisions"}],"predecessor-version":[{"id":382523,"href":"https:\/\/atena.sk\/blog\/hr\/wp-json\/wp\/v2\/posts\/382518\/revisions\/382523"}],"wp:featuredmedia":[{"embeddable":true,"href":"https:\/\/atena.sk\/blog\/hr\/wp-json\/wp\/v2\/media\/382484"}],"wp:attachment":[{"href":"https:\/\/atena.sk\/blog\/hr\/wp-json\/wp\/v2\/media?parent=382518"}],"wp:term":[{"taxonomy":"category","embeddable":true,"href":"https:\/\/atena.sk\/blog\/hr\/wp-json\/wp\/v2\/categories?post=382518"},{"taxonomy":"post_tag","embeddable":true,"href":"https:\/\/atena.sk\/blog\/hr\/wp-json\/wp\/v2\/tags?post=382518"}],"curies":[{"name":"wp","href":"https:\/\/api.w.org\/{rel}","templated":true}]}}