{"id":382542,"date":"2026-04-29T17:00:32","date_gmt":"2026-04-29T15:00:32","guid":{"rendered":"https:\/\/atena.sk\/blog\/a-munka-unnepenek-jelentese\/"},"modified":"2026-04-29T17:01:53","modified_gmt":"2026-04-29T15:01:53","slug":"a-munka-unnepenek-jelentese","status":"publish","type":"post","link":"https:\/\/atena.sk\/blog\/hu\/a-munka-unnepenek-jelentese\/","title":{"rendered":"A munka \u00fcnnep\u00e9nek jelent\u00e9se"},"content":{"rendered":"\n<p>M\u00e1jus elseje k\u00fcl\u00f6nleges d\u00e1tum a napt\u00e1rban. Az emberek vil\u00e1gszerte ezen a napon \u00fcnneplik a munka \u00fcnnep\u00e9t. Ez egy csod\u00e1latos alkalom a munk\u00e1sok \u00e9s kem\u00e9ny munk\u00e1juk tisztelet\u00e9re. A vil\u00e1g sz\u00e1mos orsz\u00e1g\u00e1ban ez a nap hivatalos munkasz\u00fcneti napp\u00e1 v\u00e1lt. A csal\u00e1dok min\u0151s\u00e9gi id\u0151t t\u00f6ltenek egy\u00fctt, a k\u00f6zeli bar\u00e1tok \u00f6sszej\u00f6nnek piknikezni, \u00e9s a kem\u00e9nyen dolgoz\u00f3 emberek \u00e9lvezik a j\u00f3l meg\u00e9rdemelt pihen\u00e9st. A munka \u00fcnnepe azonban sokkal t\u00f6bb, mint egy szabadnap. Gazdag t\u00f6rt\u00e9nelme van, amely teljesen megv\u00e1ltoztatta a modern munkahelyeket. Eml\u00e9keztet benn\u00fcnket az emberi m\u00e9lt\u00f3s\u00e1g\u00e9rt folytatott k\u00fczdelmekre a munkahelyen. Minden ember egy\u00e9rtelm\u0171en meg\u00e9rdemli a biztons\u00e1gos k\u00f6rnyezetet \u00e9s a m\u00e9lt\u00e1nyos jutalmat az er\u0151fesz\u00edt\u00e9sei\u00e9rt.        <\/p>\n\n<!--more-->\n\n<h2 class=\"wp-block-heading\">M\u00e1jus elsej\u00e9nek val\u00f3di eredete<\/h2>\n\n<p>A munka \u00fcnnep\u00e9nek igazi t\u00f6rt\u00e9nete az Egyes\u00fclt \u00c1llamokban kezd\u0151dik. A tizennyolcsz\u00e1znyolcvanhat m\u00e1jus\u00e1ban b\u00e1tor munk\u00e1sok Chicago v\u00e1ros\u00e1ban hatalmas nyilv\u00e1nos sztr\u00e1jkot szerveztek. Tisztess\u00e9ges nyolc\u00f3r\u00e1s munkanapot k\u00f6veteltek minden ember sz\u00e1m\u00e1ra. Abban az id\u0151ben a h\u00e9tk\u00f6znapi emberek nagyon hossz\u00fa \u00f3r\u00e1kat dolgoztak teljesen vesz\u00e9lyes k\u00f6r\u00fclm\u00e9nyek k\u00f6z\u00f6tt. A munkaad\u00f3k gyakran napi tizenhat \u00f3r\u00e1s munk\u00e1ra k\u00e9nyszer\u00edtett\u00e9k alkalmazottaikat. A munk\u00e1soknak nagyon kev\u00e9s szabadidej\u00fck volt a pihen\u00e9sre vagy a csal\u00e1dalap\u00edt\u00e1sra. A chicag\u00f3i t\u00fcntet\u00e9sek v\u00e9g\u00fcl hatalmas t\u00e1rsadalmi mozgalmat ind\u00edtottak el. Az emberek gyorsan r\u00e1j\u00f6ttek, hogy er\u0151sen sz\u00fcks\u00e9g van az \u00f6sszefog\u00e1sra. Egy\u00fctt kezdtek jobb b\u00e1n\u00e1sm\u00f3dot \u00e9s tisztess\u00e9ges munka\u00fcgyi szab\u00e1lyokat k\u00f6vetelni. Hihetetlen szem\u00e9lyes b\u00e1tors\u00e1gr\u00f3l tettek tan\u00fabizonys\u00e1got a tisztess\u00e9gtelen f\u0151n\u00f6k\u00f6kkel szemben.         <\/p>\n\n<h2 class=\"wp-block-heading\">A munkav\u00e1llal\u00f3i jogok glob\u00e1lis elterjed\u00e9se<\/h2>\n\n<p>N\u00e9h\u00e1ny \u00e9vvel e t\u00f6rt\u00e9nelmi esem\u00e9nyek ut\u00e1n a nemzetk\u00f6zi vezet\u0151k Eur\u00f3p\u00e1ban \u00fagy d\u00f6nt\u00f6ttek, hogy tisztelegnek a b\u00e1tor amerikai munk\u00e1sok el\u0151tt. M\u00e1jus elsej\u00e9t hivatalosan is a Munk\u00e1sok Nemzetk\u00f6zi Napj\u00e1v\u00e1 v\u00e1lasztott\u00e1k. Ez a fontos glob\u00e1lis \u00fcnnep az\u00f3ta \u00f3ri\u00e1si n\u00e9pszer\u0171s\u00e9gre tett szert. Gyorsan a munk\u00e1sok egys\u00e9g\u00e9nek er\u0151teljes szimb\u00f3lum\u00e1v\u00e1 v\u00e1lt az emberek sz\u00e1m\u00e1ra mindenhol. A k\u00fcl\u00f6nb\u00f6z\u0151 orsz\u00e1gok munk\u00e1sai fokozatosan elkezdtek csoportokat alak\u00edtani \u00e9rdekeik akt\u00edv v\u00e9delm\u00e9re. Tisztess\u00e9ges minim\u00e1lb\u00e9rek\u00e9rt, h\u00e9tv\u00e9gi sz\u00fcnetek\u00e9rt \u00e9s biztons\u00e1gos gy\u00e1rak\u00e9rt k\u00fczd\u00f6ttek. Hatalmas er\u0151fesz\u00edt\u00e9seiknek k\u00f6sz\u00f6nhet\u0151en ma sz\u00e1mos munkajogi v\u00e9delmet \u00e9lvez\u00fcnk. Ezeket a modern k\u00e9nyelmi szolg\u00e1ltat\u00e1sokat ma gyakran t\u00e9vesen term\u00e9szetesnek vessz\u00fck. Modern munka\u00fcgyi norm\u00e1inkat ezeknek a korai h\u0151sies \u00fatt\u00f6r\u0151knek k\u00f6sz\u00f6nhetj\u00fck.        <\/p>\n\n<h2 class=\"wp-block-heading\">Mi\u00e9rt fontos ma is a munka \u00fcnnepe<\/h2>\n\n<p>A munka \u00fcnnepe ma is egy\u00e9rtelm\u0171en nagyon er\u0151s \u00e9s fontos t\u00f6rt\u00e9nelmi szimb\u00f3lum. Vil\u00e1gosan mutatja a tisztess\u00e9ges \u00e9s becs\u00fcletes munka \u00f3ri\u00e1si jelent\u0151s\u00e9g\u00e9t. A modern munkav\u00e1llal\u00f3k m\u00e9g mindig megb\u00edzhat\u00f3 b\u00e9reket, teljes jogbiztons\u00e1got \u00e9s eg\u00e9szs\u00e9ges \u00e9letvitelt k\u00f6vetelnek. Vil\u00e1gos egyens\u00falyra van sz\u00fcks\u00e9g\u00fck a napi munka \u00e9s a norm\u00e1lis mag\u00e1n\u00e9let\u00fck k\u00f6z\u00f6tt. A vil\u00e1g folyamatosan \u00e9s gyorsan v\u00e1ltozik, de a tisztelet ir\u00e1nti alapvet\u0151 emberi ig\u00e9ny soha nem t\u0171nik el. Sajnos m\u00e9g mindig sokan szembes\u00fclnek tisztess\u00e9gtelen munkak\u00f6r\u00fclm\u00e9nyekkel vagy alacsony fizet\u00e9ssel. A munka \u00fcnnepe arra eml\u00e9keztet minket, hogy mindig becs\u00fclj\u00fck meg saj\u00e1t k\u00e9pess\u00e9geinket. Arra \u00f6szt\u00f6n\u00f6z benn\u00fcnket, hogy keress\u00fcnk jobb karrierlehet\u0151s\u00e9geket. Minden munkav\u00e1llal\u00f3 teljes m\u00e9rt\u00e9kben meg\u00e9rdemli a fizikai \u00e9s ment\u00e1lis j\u00f3l\u00e9t\u00e9t biztos\u00edt\u00f3 modern munkahelyet.        <\/p>\n\n<h2 class=\"wp-block-heading\"><a href=\"https:\/\/atena.org\">Tal\u00e1lja meg a t\u00f6k\u00e9letes \u00e1ll\u00e1st az Aten\u00e1val<\/a><\/h2>\n\n<p><a href=\"https:\/\/atena.org\">Az Aten\u00e1n\u00e1l \u0151szint\u00e9n hisz\u00fcnk abban , <\/a>hogy minden kem\u00e9nyen dolgoz\u00f3 ember meg\u00e9rdemel egy fantasztikus munk\u00e1t \u00e9s egy biztons\u00e1gos \u00e9letet. Szakszer\u0171en seg\u00edt\u00fcnk az elhivatott eg\u00e9szs\u00e9g\u00fcgyi szakembereknek, a tapasztalt \u00e1pol\u00f3knak \u00e9s a szakk\u00e9pzett fizikai munk\u00e1soknak. Sikeresen tal\u00e1lunk sz\u00e1mukra kiv\u00e1l\u00f3 munkalehet\u0151s\u00e9get Nyugat-Eur\u00f3p\u00e1ban. R\u00e9g\u00f3ta \u00f6sszpontos\u00edtunk az olyan fejlett orsz\u00e1gokra, mint N\u00e9metorsz\u00e1g, Ausztria \u00e9s a modern Hollandia. Min\u0151s\u00e9gi szolg\u00e1ltat\u00e1saink\u00e9rt soha nem sz\u00e1m\u00edtunk fel rejtett d\u00edjakat. N\u00e1lunk mindig gyorsan kap egy teljesen leg\u00e1lis munkaszerz\u0151d\u00e9st, kiv\u00e1l\u00f3 b\u00e9reket \u00e9s szakmai t\u00e1mogat\u00e1st. Gondosan biztos\u00edtunk \u00d6nnek az utaz\u00e1si logisztika ell\u00e1t\u00e1s\u00e1t. Folyamatosan az \u00d6n megb\u00edzhat\u00f3 &#8222;bar\u00e1tja maradunk a telefonon&#8221; a nap huszonn\u00e9gy \u00f3r\u00e1j\u00e1ban. Ne habozzon azonnal kapcsolatba l\u00e9pni Aten\u00e1val. \u00c9p\u00edtsen egy jobb j\u00f6v\u0151t \u00e9s szerezzen tiszteletet.         <\/p>\n\n<p><\/p>\n","protected":false},"excerpt":{"rendered":"<p>A m\u00e1jus elseje fontos glob\u00e1lis \u00fcnnep, amely a tisztess\u00e9ges munkak\u00f6r\u00fclm\u00e9nyek\u00e9rt \u00e9s az alapvet\u0151 emberi m\u00e9lt\u00f3s\u00e1g\u00e9rt folytatott hossz\u00fa t\u00f6rt\u00e9nelmi k\u00fczdelemre \u00f6sszpontos\u00edt. \u00daj cikk\u00fcnk r\u00e9szletesen felt\u00e1rja ennek az \u00fcnnepnek az er\u0151teljes \u00e9s inspir\u00e1l\u00f3 eredet\u00e9t a b\u00e1tor chicag\u00f3i munk\u00e1sok seg\u00edts\u00e9g\u00e9vel. Azt is vil\u00e1gosan elmagyar\u00e1zzuk, hogy milyen fontosak ezek az alapvet\u0151 jogok egy vadonat\u00faj orsz\u00e1gban val\u00f3 sikeres karrier\u00e9p\u00edt\u00e9sben. Olvassa el teljes \u00edr\u00e1sunkat, hogy megtudja, hogyan v\u00e9dhetik maxim\u00e1lisan a megfelel\u0151 szerz\u0151d\u00e9sek a j\u00f6v\u0151j\u00e9t k\u00fclf\u00f6ld\u00f6n.   <\/p>\n","protected":false},"author":20,"featured_media":382493,"comment_status":"closed","ping_status":"open","sticky":false,"template":"","format":"standard","meta":{"footnotes":""},"categories":[128,140],"tags":[],"acf":{"facebookpost":"\ud83c\udf1f Boldog munka \u00fcnnep\u00e9t! Ismered e fontos t\u00f6rt\u00e9nelmi \u00fcnnep val\u00f3di t\u00f6rt\u00e9net\u00e9t? Leg\u00fajabb cikk\u00fcnk a m\u00e1jus elseje gazdag t\u00f6rt\u00e9nelm\u00e9ben m\u00e9ly\u00fcl el, \u00e9s elmagyar\u00e1zza a munk\u00e1sok jogainak mai jelent\u0151s\u00e9g\u00e9t. \ud83d\udcbc\u2708\ufe0f Olvasd el a teljes cikket, hogy megtudd, hogyan tal\u00e1lhatsz biztons\u00e1gosan munk\u00e1t k\u00fclf\u00f6ld\u00f6n! \ud83d\udc47","popis_socialneho_obrazku":"A munka \u00fcnnep\u00e9nek t\u00f6rt\u00e9nete"},"yoast_head":"<!-- This site is optimized with the Yoast SEO plugin v22.6 - https:\/\/yoast.com\/wordpress\/plugins\/seo\/ -->\n<title>A munka \u00fcnnep\u00e9nek jelent\u00e9se - Atena blog<\/title>\n<meta name=\"description\" content=\"Fedezze fel a munka \u00fcnnep\u00e9nek val\u00f3di eredet\u00e9t, \u00e9s tudja meg, mi\u00e9rt fontosak m\u00e9g mindig a tisztess\u00e9ges munkav\u00e1llal\u00f3i jogok. Biztons\u00e1gos munkav\u00e9gz\u00e9s k\u00fclf\u00f6ld\u00f6n.\" \/>\n<meta name=\"robots\" content=\"index, follow, max-snippet:-1, max-image-preview:large, max-video-preview:-1\" \/>\n<link rel=\"canonical\" href=\"https:\/\/atena.sk\/blog\/hu\/a-munka-unnepenek-jelentese\/\" \/>\n<meta property=\"og:locale\" content=\"hu_HU\" \/>\n<meta property=\"og:type\" content=\"article\" \/>\n<meta property=\"og:title\" content=\"A munka \u00fcnnep\u00e9nek jelent\u00e9se - Atena blog\" \/>\n<meta property=\"og:description\" content=\"A munka \u00fcnnepe k\u00fcl\u00f6n\u00f6sen er\u0151teljesen eml\u00e9keztet arra, hogy minden munkav\u00e1llal\u00f3nak biztons\u00e1gra, m\u00e9ly tiszteletre \u00e9s tisztess\u00e9ges fizet\u00e9sre van sz\u00fcks\u00e9ge. Ez az \u00faj blogbejegyz\u00e9s a m\u00e1jus elseje gazdag t\u00f6rt\u00e9net\u00e9t \u00e9s a modern foglalkoztat\u00e1sra gyakorolt tart\u00f3s hat\u00e1s\u00e1t j\u00e1rja k\u00f6r\u00fcl. K\u00f6zvetlen\u00fcl r\u00e1vil\u00e1g\u00edt a jogilag k\u00f6telez\u0151 \u00e9rv\u00e9ny\u0171 meg\u00e1llapod\u00e1sok biztos\u00edt\u00e1s\u00e1nak \u00f3ri\u00e1si fontoss\u00e1g\u00e1ra, miel\u0151tt k\u00fclf\u00f6ldre t\u00e1vozna dolgozni. Fedezze fel gyorsan, hogyan biztos\u00edthatja a megfelel\u0151 szakmai t\u00e1mogat\u00e1s a z\u00f6kken\u0151mentes \u00e9s teljesen biztons\u00e1gos k\u00fclf\u00f6ldi \u00e1tmenetet.\" \/>\n<meta property=\"og:url\" content=\"https:\/\/atena.sk\/blog\/hu\/a-munka-unnepenek-jelentese\/\" \/>\n<meta property=\"og:site_name\" content=\"Atena blog\" \/>\n<meta property=\"article:published_time\" content=\"2026-04-29T15:00:32+00:00\" \/>\n<meta property=\"article:modified_time\" content=\"2026-04-29T15:01:53+00:00\" \/>\n<meta property=\"og:image\" content=\"https:\/\/atena.sk\/blog\/wp-content\/uploads\/2026\/04\/AdobeStock_281549501-1024x576.jpg\" \/>\n<meta name=\"author\" content=\"Marin Nedelev\" \/>\n<meta name=\"twitter:label1\" content=\"Szerz\u0151:\" \/>\n\t<meta name=\"twitter:data1\" content=\"Marin Nedelev\" \/>\n\t<meta name=\"twitter:label2\" content=\"Becs\u00fclt olvas\u00e1si id\u0151\" \/>\n\t<meta name=\"twitter:data2\" content=\"4 minutes\" \/>\n<script type=\"application\/ld+json\" class=\"yoast-schema-graph\">{\"@context\":\"https:\/\/schema.org\",\"@graph\":[{\"@type\":\"NewsArticle\",\"@id\":\"https:\/\/atena.sk\/blog\/hu\/a-munka-unnepenek-jelentese\/#article\",\"isPartOf\":{\"@id\":\"https:\/\/atena.sk\/blog\/hu\/a-munka-unnepenek-jelentese\/\"},\"author\":{\"name\":\"Marin Nedelev\",\"@id\":\"https:\/\/atena.sk\/blog\/hu\/#\/schema\/person\/0ae6c6390563d6555f91b0db4767e168\"},\"headline\":\"A munka \u00fcnnep\u00e9nek jelent\u00e9se\",\"datePublished\":\"2026-04-29T15:00:32+00:00\",\"dateModified\":\"2026-04-29T15:01:53+00:00\",\"mainEntityOfPage\":{\"@id\":\"https:\/\/atena.sk\/blog\/hu\/a-munka-unnepenek-jelentese\/\"},\"wordCount\":878,\"publisher\":{\"@id\":\"https:\/\/atena.sk\/blog\/hu\/#organization\"},\"image\":{\"@id\":\"https:\/\/atena.sk\/blog\/hu\/a-munka-unnepenek-jelentese\/#primaryimage\"},\"thumbnailUrl\":\"https:\/\/atena.sk\/blog\/wp-content\/uploads\/2026\/04\/AdobeStock_281549501-scaled.jpg\",\"articleSection\":[\"\u00fcgyfelek\",\"V\u00e1llalatok\"],\"inLanguage\":\"hu\"},{\"@type\":[\"WebPage\",\"ItemPage\"],\"@id\":\"https:\/\/atena.sk\/blog\/hu\/a-munka-unnepenek-jelentese\/\",\"url\":\"https:\/\/atena.sk\/blog\/hu\/a-munka-unnepenek-jelentese\/\",\"name\":\"A munka \u00fcnnep\u00e9nek jelent\u00e9se - Atena blog\",\"isPartOf\":{\"@id\":\"https:\/\/atena.sk\/blog\/hu\/#website\"},\"primaryImageOfPage\":{\"@id\":\"https:\/\/atena.sk\/blog\/hu\/a-munka-unnepenek-jelentese\/#primaryimage\"},\"image\":{\"@id\":\"https:\/\/atena.sk\/blog\/hu\/a-munka-unnepenek-jelentese\/#primaryimage\"},\"thumbnailUrl\":\"https:\/\/atena.sk\/blog\/wp-content\/uploads\/2026\/04\/AdobeStock_281549501-scaled.jpg\",\"datePublished\":\"2026-04-29T15:00:32+00:00\",\"dateModified\":\"2026-04-29T15:01:53+00:00\",\"description\":\"Fedezze fel a munka \u00fcnnep\u00e9nek val\u00f3di eredet\u00e9t, \u00e9s tudja meg, mi\u00e9rt fontosak m\u00e9g mindig a tisztess\u00e9ges munkav\u00e1llal\u00f3i jogok. Biztons\u00e1gos munkav\u00e9gz\u00e9s k\u00fclf\u00f6ld\u00f6n.\",\"breadcrumb\":{\"@id\":\"https:\/\/atena.sk\/blog\/hu\/a-munka-unnepenek-jelentese\/#breadcrumb\"},\"inLanguage\":\"hu\",\"potentialAction\":[{\"@type\":\"ReadAction\",\"target\":[\"https:\/\/atena.sk\/blog\/hu\/a-munka-unnepenek-jelentese\/\"]}]},{\"@type\":\"ImageObject\",\"inLanguage\":\"hu\",\"@id\":\"https:\/\/atena.sk\/blog\/hu\/a-munka-unnepenek-jelentese\/#primaryimage\",\"url\":\"https:\/\/atena.sk\/blog\/wp-content\/uploads\/2026\/04\/AdobeStock_281549501-scaled.jpg\",\"contentUrl\":\"https:\/\/atena.sk\/blog\/wp-content\/uploads\/2026\/04\/AdobeStock_281549501-scaled.jpg\",\"width\":2780,\"height\":1564,\"caption\":\"sviatok pr\u00e1ce\"},{\"@type\":\"BreadcrumbList\",\"@id\":\"https:\/\/atena.sk\/blog\/hu\/a-munka-unnepenek-jelentese\/#breadcrumb\",\"itemListElement\":[{\"@type\":\"ListItem\",\"position\":1,\"name\":\"Home\",\"item\":\"https:\/\/atena.sk\/blog\/hu\/domov\/\"},{\"@type\":\"ListItem\",\"position\":2,\"name\":\"A munka \u00fcnnep\u00e9nek jelent\u00e9se\"}]},{\"@type\":\"WebSite\",\"@id\":\"https:\/\/atena.sk\/blog\/hu\/#website\",\"url\":\"https:\/\/atena.sk\/blog\/hu\/\",\"name\":\"Atena blog\",\"description\":\"Blog spolo\u010dnosti atena\",\"publisher\":{\"@id\":\"https:\/\/atena.sk\/blog\/hu\/#organization\"},\"potentialAction\":[{\"@type\":\"SearchAction\",\"target\":{\"@type\":\"EntryPoint\",\"urlTemplate\":\"https:\/\/atena.sk\/blog\/hu\/?s={search_term_string}\"},\"query-input\":\"required name=search_term_string\"}],\"inLanguage\":\"hu\"},{\"@type\":\"Organization\",\"@id\":\"https:\/\/atena.sk\/blog\/hu\/#organization\",\"name\":\"ATENA\",\"url\":\"https:\/\/atena.sk\/blog\/hu\/\",\"logo\":{\"@type\":\"ImageObject\",\"inLanguage\":\"hu\",\"@id\":\"https:\/\/atena.sk\/blog\/hu\/#\/schema\/logo\/image\/\",\"url\":\"https:\/\/atena.sk\/blog\/wp-content\/uploads\/2022\/08\/logo.png\",\"contentUrl\":\"https:\/\/atena.sk\/blog\/wp-content\/uploads\/2022\/08\/logo.png\",\"width\":3543,\"height\":3543,\"caption\":\"ATENA\"},\"image\":{\"@id\":\"https:\/\/atena.sk\/blog\/hu\/#\/schema\/logo\/image\/\"}},{\"@type\":\"Person\",\"@id\":\"https:\/\/atena.sk\/blog\/hu\/#\/schema\/person\/0ae6c6390563d6555f91b0db4767e168\",\"name\":\"Marin Nedelev\",\"image\":{\"@type\":\"ImageObject\",\"inLanguage\":\"hu\",\"@id\":\"https:\/\/atena.sk\/blog\/hu\/#\/schema\/person\/image\/\",\"url\":\"https:\/\/secure.gravatar.com\/avatar\/c7908085eb1039e4706a94fc58b04d66?s=96&d=mm&r=g\",\"contentUrl\":\"https:\/\/secure.gravatar.com\/avatar\/c7908085eb1039e4706a94fc58b04d66?s=96&d=mm&r=g\",\"caption\":\"Marin Nedelev\"},\"url\":\"https:\/\/atena.sk\/blog\/hu\/author\/marin-nedelev\/\"}]}<\/script>\n<!-- \/ Yoast SEO plugin. -->","yoast_head_json":{"title":"A munka \u00fcnnep\u00e9nek jelent\u00e9se - Atena blog","description":"Fedezze fel a munka \u00fcnnep\u00e9nek val\u00f3di eredet\u00e9t, \u00e9s tudja meg, mi\u00e9rt fontosak m\u00e9g mindig a tisztess\u00e9ges munkav\u00e1llal\u00f3i jogok. Biztons\u00e1gos munkav\u00e9gz\u00e9s k\u00fclf\u00f6ld\u00f6n.","robots":{"index":"index","follow":"follow","max-snippet":"max-snippet:-1","max-image-preview":"max-image-preview:large","max-video-preview":"max-video-preview:-1"},"canonical":"https:\/\/atena.sk\/blog\/hu\/a-munka-unnepenek-jelentese\/","og_locale":"hu_HU","og_type":"article","og_title":"A munka \u00fcnnep\u00e9nek jelent\u00e9se - Atena blog","og_description":"A munka \u00fcnnepe k\u00fcl\u00f6n\u00f6sen er\u0151teljesen eml\u00e9keztet arra, hogy minden munkav\u00e1llal\u00f3nak biztons\u00e1gra, m\u00e9ly tiszteletre \u00e9s tisztess\u00e9ges fizet\u00e9sre van sz\u00fcks\u00e9ge. Ez az \u00faj blogbejegyz\u00e9s a m\u00e1jus elseje gazdag t\u00f6rt\u00e9net\u00e9t \u00e9s a modern foglalkoztat\u00e1sra gyakorolt tart\u00f3s hat\u00e1s\u00e1t j\u00e1rja k\u00f6r\u00fcl. K\u00f6zvetlen\u00fcl r\u00e1vil\u00e1g\u00edt a jogilag k\u00f6telez\u0151 \u00e9rv\u00e9ny\u0171 meg\u00e1llapod\u00e1sok biztos\u00edt\u00e1s\u00e1nak \u00f3ri\u00e1si fontoss\u00e1g\u00e1ra, miel\u0151tt k\u00fclf\u00f6ldre t\u00e1vozna dolgozni. Fedezze fel gyorsan, hogyan biztos\u00edthatja a megfelel\u0151 szakmai t\u00e1mogat\u00e1s a z\u00f6kken\u0151mentes \u00e9s teljesen biztons\u00e1gos k\u00fclf\u00f6ldi \u00e1tmenetet.","og_url":"https:\/\/atena.sk\/blog\/hu\/a-munka-unnepenek-jelentese\/","og_site_name":"Atena blog","article_published_time":"2026-04-29T15:00:32+00:00","article_modified_time":"2026-04-29T15:01:53+00:00","og_image":[{"url":"https:\/\/atena.sk\/blog\/wp-content\/uploads\/2026\/04\/AdobeStock_281549501-1024x576.jpg"}],"author":"Marin Nedelev","twitter_misc":{"Szerz\u0151:":"Marin Nedelev","Becs\u00fclt olvas\u00e1si id\u0151":"4 minutes"},"schema":{"@context":"https:\/\/schema.org","@graph":[{"@type":"NewsArticle","@id":"https:\/\/atena.sk\/blog\/hu\/a-munka-unnepenek-jelentese\/#article","isPartOf":{"@id":"https:\/\/atena.sk\/blog\/hu\/a-munka-unnepenek-jelentese\/"},"author":{"name":"Marin Nedelev","@id":"https:\/\/atena.sk\/blog\/hu\/#\/schema\/person\/0ae6c6390563d6555f91b0db4767e168"},"headline":"A munka \u00fcnnep\u00e9nek jelent\u00e9se","datePublished":"2026-04-29T15:00:32+00:00","dateModified":"2026-04-29T15:01:53+00:00","mainEntityOfPage":{"@id":"https:\/\/atena.sk\/blog\/hu\/a-munka-unnepenek-jelentese\/"},"wordCount":878,"publisher":{"@id":"https:\/\/atena.sk\/blog\/hu\/#organization"},"image":{"@id":"https:\/\/atena.sk\/blog\/hu\/a-munka-unnepenek-jelentese\/#primaryimage"},"thumbnailUrl":"https:\/\/atena.sk\/blog\/wp-content\/uploads\/2026\/04\/AdobeStock_281549501-scaled.jpg","articleSection":["\u00fcgyfelek","V\u00e1llalatok"],"inLanguage":"hu"},{"@type":["WebPage","ItemPage"],"@id":"https:\/\/atena.sk\/blog\/hu\/a-munka-unnepenek-jelentese\/","url":"https:\/\/atena.sk\/blog\/hu\/a-munka-unnepenek-jelentese\/","name":"A munka \u00fcnnep\u00e9nek jelent\u00e9se - Atena blog","isPartOf":{"@id":"https:\/\/atena.sk\/blog\/hu\/#website"},"primaryImageOfPage":{"@id":"https:\/\/atena.sk\/blog\/hu\/a-munka-unnepenek-jelentese\/#primaryimage"},"image":{"@id":"https:\/\/atena.sk\/blog\/hu\/a-munka-unnepenek-jelentese\/#primaryimage"},"thumbnailUrl":"https:\/\/atena.sk\/blog\/wp-content\/uploads\/2026\/04\/AdobeStock_281549501-scaled.jpg","datePublished":"2026-04-29T15:00:32+00:00","dateModified":"2026-04-29T15:01:53+00:00","description":"Fedezze fel a munka \u00fcnnep\u00e9nek val\u00f3di eredet\u00e9t, \u00e9s tudja meg, mi\u00e9rt fontosak m\u00e9g mindig a tisztess\u00e9ges munkav\u00e1llal\u00f3i jogok. Biztons\u00e1gos munkav\u00e9gz\u00e9s k\u00fclf\u00f6ld\u00f6n.","breadcrumb":{"@id":"https:\/\/atena.sk\/blog\/hu\/a-munka-unnepenek-jelentese\/#breadcrumb"},"inLanguage":"hu","potentialAction":[{"@type":"ReadAction","target":["https:\/\/atena.sk\/blog\/hu\/a-munka-unnepenek-jelentese\/"]}]},{"@type":"ImageObject","inLanguage":"hu","@id":"https:\/\/atena.sk\/blog\/hu\/a-munka-unnepenek-jelentese\/#primaryimage","url":"https:\/\/atena.sk\/blog\/wp-content\/uploads\/2026\/04\/AdobeStock_281549501-scaled.jpg","contentUrl":"https:\/\/atena.sk\/blog\/wp-content\/uploads\/2026\/04\/AdobeStock_281549501-scaled.jpg","width":2780,"height":1564,"caption":"sviatok pr\u00e1ce"},{"@type":"BreadcrumbList","@id":"https:\/\/atena.sk\/blog\/hu\/a-munka-unnepenek-jelentese\/#breadcrumb","itemListElement":[{"@type":"ListItem","position":1,"name":"Home","item":"https:\/\/atena.sk\/blog\/hu\/domov\/"},{"@type":"ListItem","position":2,"name":"A munka \u00fcnnep\u00e9nek jelent\u00e9se"}]},{"@type":"WebSite","@id":"https:\/\/atena.sk\/blog\/hu\/#website","url":"https:\/\/atena.sk\/blog\/hu\/","name":"Atena blog","description":"Blog spolo\u010dnosti atena","publisher":{"@id":"https:\/\/atena.sk\/blog\/hu\/#organization"},"potentialAction":[{"@type":"SearchAction","target":{"@type":"EntryPoint","urlTemplate":"https:\/\/atena.sk\/blog\/hu\/?s={search_term_string}"},"query-input":"required name=search_term_string"}],"inLanguage":"hu"},{"@type":"Organization","@id":"https:\/\/atena.sk\/blog\/hu\/#organization","name":"ATENA","url":"https:\/\/atena.sk\/blog\/hu\/","logo":{"@type":"ImageObject","inLanguage":"hu","@id":"https:\/\/atena.sk\/blog\/hu\/#\/schema\/logo\/image\/","url":"https:\/\/atena.sk\/blog\/wp-content\/uploads\/2022\/08\/logo.png","contentUrl":"https:\/\/atena.sk\/blog\/wp-content\/uploads\/2022\/08\/logo.png","width":3543,"height":3543,"caption":"ATENA"},"image":{"@id":"https:\/\/atena.sk\/blog\/hu\/#\/schema\/logo\/image\/"}},{"@type":"Person","@id":"https:\/\/atena.sk\/blog\/hu\/#\/schema\/person\/0ae6c6390563d6555f91b0db4767e168","name":"Marin Nedelev","image":{"@type":"ImageObject","inLanguage":"hu","@id":"https:\/\/atena.sk\/blog\/hu\/#\/schema\/person\/image\/","url":"https:\/\/secure.gravatar.com\/avatar\/c7908085eb1039e4706a94fc58b04d66?s=96&d=mm&r=g","contentUrl":"https:\/\/secure.gravatar.com\/avatar\/c7908085eb1039e4706a94fc58b04d66?s=96&d=mm&r=g","caption":"Marin Nedelev"},"url":"https:\/\/atena.sk\/blog\/hu\/author\/marin-nedelev\/"}]}},"_links":{"self":[{"href":"https:\/\/atena.sk\/blog\/hu\/wp-json\/wp\/v2\/posts\/382542"}],"collection":[{"href":"https:\/\/atena.sk\/blog\/hu\/wp-json\/wp\/v2\/posts"}],"about":[{"href":"https:\/\/atena.sk\/blog\/hu\/wp-json\/wp\/v2\/types\/post"}],"author":[{"embeddable":true,"href":"https:\/\/atena.sk\/blog\/hu\/wp-json\/wp\/v2\/users\/20"}],"replies":[{"embeddable":true,"href":"https:\/\/atena.sk\/blog\/hu\/wp-json\/wp\/v2\/comments?post=382542"}],"version-history":[{"count":1,"href":"https:\/\/atena.sk\/blog\/hu\/wp-json\/wp\/v2\/posts\/382542\/revisions"}],"predecessor-version":[{"id":382547,"href":"https:\/\/atena.sk\/blog\/hu\/wp-json\/wp\/v2\/posts\/382542\/revisions\/382547"}],"wp:featuredmedia":[{"embeddable":true,"href":"https:\/\/atena.sk\/blog\/hu\/wp-json\/wp\/v2\/media\/382493"}],"wp:attachment":[{"href":"https:\/\/atena.sk\/blog\/hu\/wp-json\/wp\/v2\/media?parent=382542"}],"wp:term":[{"taxonomy":"category","embeddable":true,"href":"https:\/\/atena.sk\/blog\/hu\/wp-json\/wp\/v2\/categories?post=382542"},{"taxonomy":"post_tag","embeddable":true,"href":"https:\/\/atena.sk\/blog\/hu\/wp-json\/wp\/v2\/tags?post=382542"}],"curies":[{"name":"wp","href":"https:\/\/api.w.org\/{rel}","templated":true}]}}