{"id":382540,"date":"2026-04-29T17:00:32","date_gmt":"2026-04-29T15:00:32","guid":{"rendered":"https:\/\/atena.sk\/blog\/darbo-dienos-reiksme\/"},"modified":"2026-04-29T17:01:51","modified_gmt":"2026-04-29T15:01:51","slug":"darbo-dienos-reiksme","status":"publish","type":"post","link":"https:\/\/atena.sk\/blog\/lt\/darbo-dienos-reiksme\/","title":{"rendered":"Darbo dienos reik\u0161m\u0117"},"content":{"rendered":"\n<p>Gegu\u017e\u0117s pirmoji &#8211; ypatinga data kalendoriuje. \u0160i\u0105 dien\u0105 \u017emon\u0117s visame pasaulyje \u0161ven\u010dia Darbo dien\u0105. Tai puikus metas pagerbti darbininkus ir j\u0173 sunk\u0173 darb\u0105. Daugelyje pasaulio \u0161ali\u0173 \u0161i diena tapo oficialia valstybine \u0161vente. \u0160eimos leid\u017eia laik\u0105 kartu, artimi draugai renkasi \u012f piknikus, o sunkiai dirbantys \u017emon\u0117s m\u0117gaujasi u\u017etarnautu poilsiu. Ta\u010diau Darbo diena yra kur kas daugiau nei tik laisva nuo darbo diena. Ji turi turting\u0105 istorij\u0105, kuri visi\u0161kai pakeit\u0117 \u0161iuolaikin\u0119 darbo viet\u0105. Ji primena mums apie nelengv\u0105 kov\u0105 u\u017e \u017emogaus orum\u0105 darbe. Kiekvienas \u017emogus neabejotinai nusipelno saugios aplinkos ir teisingo atlygio u\u017e savo pastangas.        <\/p>\n\n<!--more-->\n\n<h2 class=\"wp-block-heading\">Tikroji gegu\u017e\u0117s pirmosios kilm\u0117<\/h2>\n\n<p>Tikroji Darbo dienos istorija prasideda Jungtin\u0117se Amerikos Valstijose. A\u0161tuoniolikos met\u0173 gegu\u017e\u0119 dr\u0105s\u016bs \u010cikagos miesto darbininkai sureng\u0117 did\u017eiul\u012f vie\u0161\u0105 streik\u0105. Jie reikalavo visiems \u017emon\u0117ms nustatyti teising\u0105 a\u0161tuoni\u0173 valand\u0173 darbo dien\u0105. Tuo metu paprasti \u017emon\u0117s dirbo labai daug valand\u0173 visi\u0161kai pavojingomis s\u0105lygomis. Darbdaviai da\u017enai vert\u0117 savo darbuotojus dirbti net \u0161e\u0161iolika valand\u0173 per dien\u0105. Darbuotojai tur\u0117jo labai ma\u017eai laisvo laiko poilsiui ar \u0161eimoms. Protestai \u010cikagoje galiausiai suk\u0117l\u0117 did\u017eiul\u012f socialin\u012f jud\u0117jim\u0105. \u017dmon\u0117s greitai suprato, kad labai reikia laikytis kartu. Kartu jie \u0117m\u0117 reikalauti geresnio elgesio ir s\u0105\u017eining\u0173 darbo taisykli\u0173. Jie parod\u0117 ne\u012ftik\u0117tin\u0105 asmenin\u0119 dr\u0105s\u0105 prie\u0161 nes\u0105\u017einingus vir\u0161ininkus.         <\/p>\n\n<h2 class=\"wp-block-heading\">Darbuotoj\u0173 teisi\u0173 plitimas pasaulyje<\/h2>\n\n<p>Pra\u0117jus keleriems metams po \u0161i\u0173 istorini\u0173 \u012fvyki\u0173, tarptautiniai lyderiai Europoje nusprend\u0117 pagerbti dr\u0105sius amerikie\u010di\u0173 darbininkus. Jie oficialiai i\u0161rinko Gegu\u017e\u0117s pirm\u0105j\u0105 Tarptautine darbinink\u0173 diena. Nuo to laiko \u0161i svarbi pasaulin\u0117 \u0161vent\u0117 labai i\u0161populiar\u0117jo. Ji greitai tapo galingu darbinink\u0173 vienyb\u0117s simboliu \u017emon\u0117ms visame pasaulyje. \u012evairi\u0173 \u0161ali\u0173 darbininkai pama\u017eu \u0117m\u0117 burtis \u012f grupes, kad aktyviai gint\u0173 savo interesus. Jie kovojo u\u017e teising\u0105 minimal\u0173 darbo u\u017emokest\u012f, savaitgalio pertraukas ir saugias gamyklas. D\u0117l mil\u017eini\u0161k\u0173 j\u0173 pastang\u0173 \u0161iandien naudojam\u0117s daugeliu darbo apsaugos priemoni\u0173. \u0160ie \u0161iuolaikiniai patogumai \u0161iandien da\u017enai klaidingai laikomi savaime suprantamu dalyku. U\u017e \u0161iuolaikinius darbo standartus esame d\u0117kingi \u0161iems didvyri\u0161kiems pionieriams.        <\/p>\n\n<h2 class=\"wp-block-heading\">Kod\u0117l Darbo diena svarbi ir \u0161iandien<\/h2>\n\n<p>\u0160iandien Darbo diena akivaizd\u017eiai i\u0161lieka labai galingu ir svarbiu istoriniu simboliu. Ji labai ai\u0161kiai parodo did\u017eiul\u0119 s\u0105\u017einingo ir s\u0105\u017einingo darbo svarb\u0105. \u0160iuolaikiniai darbuotojai vis dar reikalauja patikimo darbo u\u017emokes\u010dio, visi\u0161ko teisinio saugumo ir sveikos gyvenimo pusiausvyros. Jiems reikia ai\u0161kios pusiausvyros tarp kasdienio darbo ir \u012fprasto asmeninio gyvenimo. Pasaulis nuolat spar\u010diai kei\u010diasi, ta\u010diau pagrindinis \u017emogaus pagarbos poreikis niekada nei\u0161nyksta. Deja, daugelis \u017emoni\u0173 vis dar susiduria su nes\u0105\u017einingomis darbo s\u0105lygomis arba ma\u017eu darbo u\u017emokes\u010diu. Darbo diena primena, kad visada tur\u0117tume vertinti savo \u012fg\u016bd\u017eius. Ji skatina mus ie\u0161koti geresni\u0173 karjeros galimybi\u0173. Kiekvienas darbuotojas visapusi\u0161kai nusipelno modernios darbo vietos, u\u017etikrinan\u010dios jo fizin\u0119 ir psichin\u0119 gerov\u0119.        <\/p>\n\n<h2 class=\"wp-block-heading\"><a href=\"https:\/\/atena.org\">Raskite tobul\u0105 darb\u0105 su &#8222;Atena<\/a><\/h2>\n\n<p>&#8221; <a href=\"https:\/\/atena.org\">Atena&#8221; nuo\u0161ird\u017eiai tikime , <\/a>kad kiekvienas sunkiai dirbantis darbuotojas nusipelno fantasti\u0161ko darbo ir saugaus gyvenimo. Mes kvalifikuotai padedame atsidavusiems medicinos specialistams, patyrusiems slaugytojams ir kvalifikuotiems fizinio darbo darbininkams. S\u0117kmingai surandame jiems puikias darbo galimybes Vakar\u0173 Europoje. Ilg\u0105 laik\u0105 daugiausia d\u0117mesio skyr\u0117me tokioms i\u0161sivys\u010diusioms \u0161alims kaip Vokietija, Austrija ir modern\u016bs Nyderlandai. U\u017e kokybi\u0161kas paslaugas niekada neimame joki\u0173 pasl\u0117pt\u0173 mokes\u010di\u0173. Su mumis visada greitai gausite visi\u0161kai legali\u0105 darbo sutart\u012f, puik\u0173 atlyginim\u0105 ir profesionali\u0105 pagalb\u0105. Kruop\u0161\u010diai organizuojame j\u016bs\u0173 kelion\u0117s logistik\u0105. Nuolat i\u0161liekame J\u016bs\u0173 patikimu &#8222;draugu telefonu&#8221; dvide\u0161imt keturias valandas per par\u0105. Nedvejodami nedelsdami susisiekite su &#8222;Atena&#8221;. Kurkite geresn\u0119 ateit\u012f ir pelnykite pagarb\u0105.         <\/p>\n\n<p><\/p>\n","protected":false},"excerpt":{"rendered":"<p>Gegu\u017e\u0117s pirmoji &#8211; svarbi pasaulin\u0117 \u0161vent\u0117, skirta ilgai trukusiai istorinei kovai u\u017e s\u0105\u017einingas darbo s\u0105lygas ir pagrindin\u012f \u017emogaus orum\u0105. Naujajame m\u016bs\u0173 straipsnyje i\u0161samiai nagrin\u0117jamos galingos ir \u012fkvepian\u010dios \u0161ios \u0161vent\u0117s i\u0161takos su dr\u0105siais \u010cikagos darbininkais. Taip pat ai\u0161kiai paai\u0161kiname \u0161i\u0173 pagrindini\u0173 teisi\u0173 svarb\u0105 kuriant s\u0117kming\u0105 karjer\u0105 visi\u0161kai naujoje \u0161alyje. Perskaitykite vis\u0105 m\u016bs\u0173 straipsn\u012f ir su\u017einokite, kaip tinkamos sutartys gali maksimaliai apsaugoti j\u016bs\u0173 ateit\u012f u\u017esienyje.   <\/p>\n","protected":false},"author":20,"featured_media":382494,"comment_status":"closed","ping_status":"open","sticky":false,"template":"","format":"standard","meta":{"footnotes":""},"categories":[243,256],"tags":[],"acf":{"facebookpost":"\ud83c\udf1f Laimingos darbo dienos! Ar \u017einote tikr\u0105j\u0105 \u0161ios svarbios istorin\u0117s \u0161vent\u0117s istorij\u0105? Naujausiame m\u016bs\u0173 straipsnyje gilinam\u0117s \u012f turting\u0105 Gegu\u017e\u0117s pirmosios istorij\u0105 ir ai\u0161kinam\u0117s dabartin\u0119 darbuotoj\u0173 teisi\u0173 svarb\u0105. \ud83d\udcbc\u2708\ufe0f Perskaitykite vis\u0105 straipsn\u012f ir su\u017einokite, kaip saugiai susirasti darb\u0105 u\u017esienyje! \ud83d\udc47","popis_socialneho_obrazku":"Darbo dienos istorija"},"yoast_head":"<!-- This site is optimized with the Yoast SEO plugin v22.6 - https:\/\/yoast.com\/wordpress\/plugins\/seo\/ -->\n<title>Darbo dienos reik\u0161m\u0117 - At\u0117n\u0173 tinklara\u0161tis<\/title>\n<meta name=\"description\" content=\"Su\u017einokite tikr\u0105j\u0105 Darbo dienos kilm\u0119 ir i\u0161siai\u0161kinkite, kod\u0117l s\u0105\u017einingos darbuotoj\u0173 teis\u0117s vis dar svarbios. Pasidom\u0117kite, kaip saugiai dirbti u\u017esienyje.\" \/>\n<meta name=\"robots\" content=\"index, follow, max-snippet:-1, max-image-preview:large, max-video-preview:-1\" \/>\n<link rel=\"canonical\" href=\"https:\/\/atena.sk\/blog\/lt\/darbo-dienos-reiksme\/\" \/>\n<meta property=\"og:locale\" content=\"lt_LT\" \/>\n<meta property=\"og:type\" content=\"article\" \/>\n<meta property=\"og:title\" content=\"Darbo dienos reik\u0161m\u0117 - At\u0117n\u0173 tinklara\u0161tis\" \/>\n<meta property=\"og:description\" content=\"Darbo diena yra ypa\u010d svarus priminimas, kad kiekvienam darbuotojui reikia saugumo, pagarbos ir s\u0105\u017einingo atlyginimo. \u0160iame naujame tinklara\u0161\u010dio \u012fra\u0161e gilinamasi \u012f turting\u0105 Gegu\u017e\u0117s pirmosios istorij\u0105 ir jos ilgalaik\u012f poveik\u012f \u0161iuolaikiniam u\u017eimtumui. Jame tiesiogiai pabr\u0117\u017eiama did\u017eiul\u0117 teisi\u0161kai \u012fpareigojan\u010di\u0173 susitarim\u0173 u\u017etikrinimo svarba prie\u0161 i\u0161vykstant dirbti \u012f u\u017esienio \u0161al\u012f. Greitai su\u017einokite, kaip tinkama profesionali pagalba gali u\u017etikrinti skland\u0173 ir visi\u0161kai saug\u0173 persik\u0117lim\u0105 \u012f u\u017esien\u012f.\" \/>\n<meta property=\"og:url\" content=\"https:\/\/atena.sk\/blog\/lt\/darbo-dienos-reiksme\/\" \/>\n<meta property=\"og:site_name\" content=\"At\u0117n\u0173 tinklara\u0161tis\" \/>\n<meta property=\"article:published_time\" content=\"2026-04-29T15:00:32+00:00\" \/>\n<meta property=\"article:modified_time\" content=\"2026-04-29T15:01:51+00:00\" \/>\n<meta property=\"og:image\" content=\"https:\/\/atena.sk\/blog\/wp-content\/uploads\/2026\/04\/AdobeStock_281549501-1024x576.jpg\" \/>\n<meta name=\"author\" content=\"Marin Nedelev\" \/>\n<meta name=\"twitter:label1\" content=\"Written by\" \/>\n\t<meta name=\"twitter:data1\" content=\"Marin Nedelev\" \/>\n\t<meta name=\"twitter:label2\" content=\"Est. reading time\" \/>\n\t<meta name=\"twitter:data2\" content=\"3 minutes\" \/>\n<script type=\"application\/ld+json\" class=\"yoast-schema-graph\">{\"@context\":\"https:\/\/schema.org\",\"@graph\":[{\"@type\":\"NewsArticle\",\"@id\":\"https:\/\/atena.sk\/blog\/lt\/darbo-dienos-reiksme\/#article\",\"isPartOf\":{\"@id\":\"https:\/\/atena.sk\/blog\/lt\/darbo-dienos-reiksme\/\"},\"author\":{\"name\":\"Marin Nedelev\",\"@id\":\"https:\/\/atena.sk\/blog\/lt\/#\/schema\/person\/0ae6c6390563d6555f91b0db4767e168\"},\"headline\":\"Darbo dienos reik\u0161m\u0117\",\"datePublished\":\"2026-04-29T15:00:32+00:00\",\"dateModified\":\"2026-04-29T15:01:51+00:00\",\"mainEntityOfPage\":{\"@id\":\"https:\/\/atena.sk\/blog\/lt\/darbo-dienos-reiksme\/\"},\"wordCount\":601,\"publisher\":{\"@id\":\"https:\/\/atena.sk\/blog\/lt\/#organization\"},\"image\":{\"@id\":\"https:\/\/atena.sk\/blog\/lt\/darbo-dienos-reiksme\/#primaryimage\"},\"thumbnailUrl\":\"https:\/\/atena.sk\/blog\/wp-content\/uploads\/2026\/04\/AdobeStock_281549501-scaled.jpg\",\"articleSection\":[\"Klientai\",\"\u012emon\u0117s\"],\"inLanguage\":\"lt-LT\"},{\"@type\":[\"WebPage\",\"ItemPage\"],\"@id\":\"https:\/\/atena.sk\/blog\/lt\/darbo-dienos-reiksme\/\",\"url\":\"https:\/\/atena.sk\/blog\/lt\/darbo-dienos-reiksme\/\",\"name\":\"Darbo dienos reik\u0161m\u0117 - At\u0117n\u0173 tinklara\u0161tis\",\"isPartOf\":{\"@id\":\"https:\/\/atena.sk\/blog\/lt\/#website\"},\"primaryImageOfPage\":{\"@id\":\"https:\/\/atena.sk\/blog\/lt\/darbo-dienos-reiksme\/#primaryimage\"},\"image\":{\"@id\":\"https:\/\/atena.sk\/blog\/lt\/darbo-dienos-reiksme\/#primaryimage\"},\"thumbnailUrl\":\"https:\/\/atena.sk\/blog\/wp-content\/uploads\/2026\/04\/AdobeStock_281549501-scaled.jpg\",\"datePublished\":\"2026-04-29T15:00:32+00:00\",\"dateModified\":\"2026-04-29T15:01:51+00:00\",\"description\":\"Su\u017einokite tikr\u0105j\u0105 Darbo dienos kilm\u0119 ir i\u0161siai\u0161kinkite, kod\u0117l s\u0105\u017einingos darbuotoj\u0173 teis\u0117s vis dar svarbios. Pasidom\u0117kite, kaip saugiai dirbti u\u017esienyje.\",\"breadcrumb\":{\"@id\":\"https:\/\/atena.sk\/blog\/lt\/darbo-dienos-reiksme\/#breadcrumb\"},\"inLanguage\":\"lt-LT\",\"potentialAction\":[{\"@type\":\"ReadAction\",\"target\":[\"https:\/\/atena.sk\/blog\/lt\/darbo-dienos-reiksme\/\"]}]},{\"@type\":\"ImageObject\",\"inLanguage\":\"lt-LT\",\"@id\":\"https:\/\/atena.sk\/blog\/lt\/darbo-dienos-reiksme\/#primaryimage\",\"url\":\"https:\/\/atena.sk\/blog\/wp-content\/uploads\/2026\/04\/AdobeStock_281549501-scaled.jpg\",\"contentUrl\":\"https:\/\/atena.sk\/blog\/wp-content\/uploads\/2026\/04\/AdobeStock_281549501-scaled.jpg\",\"width\":2780,\"height\":1564,\"caption\":\"sviatok pr\u00e1ce\"},{\"@type\":\"BreadcrumbList\",\"@id\":\"https:\/\/atena.sk\/blog\/lt\/darbo-dienos-reiksme\/#breadcrumb\",\"itemListElement\":[{\"@type\":\"ListItem\",\"position\":1,\"name\":\"Home\",\"item\":\"https:\/\/atena.sk\/blog\/lt\/pasirinkite-tinklarasciu-skyriu\/\"},{\"@type\":\"ListItem\",\"position\":2,\"name\":\"Darbo dienos reik\u0161m\u0117\"}]},{\"@type\":\"WebSite\",\"@id\":\"https:\/\/atena.sk\/blog\/lt\/#website\",\"url\":\"https:\/\/atena.sk\/blog\/lt\/\",\"name\":\"At\u0117n\u0173 tinklara\u0161tis\",\"description\":\"Tinklara\u0161tis bendrov\u0117s atena\",\"publisher\":{\"@id\":\"https:\/\/atena.sk\/blog\/lt\/#organization\"},\"potentialAction\":[{\"@type\":\"SearchAction\",\"target\":{\"@type\":\"EntryPoint\",\"urlTemplate\":\"https:\/\/atena.sk\/blog\/lt\/?s={search_term_string}\"},\"query-input\":\"required name=search_term_string\"}],\"inLanguage\":\"lt-LT\"},{\"@type\":\"Organization\",\"@id\":\"https:\/\/atena.sk\/blog\/lt\/#organization\",\"name\":\"ATENA\",\"url\":\"https:\/\/atena.sk\/blog\/lt\/\",\"logo\":{\"@type\":\"ImageObject\",\"inLanguage\":\"lt-LT\",\"@id\":\"https:\/\/atena.sk\/blog\/lt\/#\/schema\/logo\/image\/\",\"url\":\"https:\/\/atena.sk\/blog\/wp-content\/uploads\/2022\/08\/logo.png\",\"contentUrl\":\"https:\/\/atena.sk\/blog\/wp-content\/uploads\/2022\/08\/logo.png\",\"width\":3543,\"height\":3543,\"caption\":\"ATENA\"},\"image\":{\"@id\":\"https:\/\/atena.sk\/blog\/lt\/#\/schema\/logo\/image\/\"}},{\"@type\":\"Person\",\"@id\":\"https:\/\/atena.sk\/blog\/lt\/#\/schema\/person\/0ae6c6390563d6555f91b0db4767e168\",\"name\":\"Marin Nedelev\",\"image\":{\"@type\":\"ImageObject\",\"inLanguage\":\"lt-LT\",\"@id\":\"https:\/\/atena.sk\/blog\/lt\/#\/schema\/person\/image\/\",\"url\":\"https:\/\/secure.gravatar.com\/avatar\/c7908085eb1039e4706a94fc58b04d66?s=96&d=mm&r=g\",\"contentUrl\":\"https:\/\/secure.gravatar.com\/avatar\/c7908085eb1039e4706a94fc58b04d66?s=96&d=mm&r=g\",\"caption\":\"Marin Nedelev\"},\"url\":\"https:\/\/atena.sk\/blog\/lt\/author\/marin-nedelev\/\"}]}<\/script>\n<!-- \/ Yoast SEO plugin. -->","yoast_head_json":{"title":"Darbo dienos reik\u0161m\u0117 - At\u0117n\u0173 tinklara\u0161tis","description":"Su\u017einokite tikr\u0105j\u0105 Darbo dienos kilm\u0119 ir i\u0161siai\u0161kinkite, kod\u0117l s\u0105\u017einingos darbuotoj\u0173 teis\u0117s vis dar svarbios. Pasidom\u0117kite, kaip saugiai dirbti u\u017esienyje.","robots":{"index":"index","follow":"follow","max-snippet":"max-snippet:-1","max-image-preview":"max-image-preview:large","max-video-preview":"max-video-preview:-1"},"canonical":"https:\/\/atena.sk\/blog\/lt\/darbo-dienos-reiksme\/","og_locale":"lt_LT","og_type":"article","og_title":"Darbo dienos reik\u0161m\u0117 - At\u0117n\u0173 tinklara\u0161tis","og_description":"Darbo diena yra ypa\u010d svarus priminimas, kad kiekvienam darbuotojui reikia saugumo, pagarbos ir s\u0105\u017einingo atlyginimo. \u0160iame naujame tinklara\u0161\u010dio \u012fra\u0161e gilinamasi \u012f turting\u0105 Gegu\u017e\u0117s pirmosios istorij\u0105 ir jos ilgalaik\u012f poveik\u012f \u0161iuolaikiniam u\u017eimtumui. Jame tiesiogiai pabr\u0117\u017eiama did\u017eiul\u0117 teisi\u0161kai \u012fpareigojan\u010di\u0173 susitarim\u0173 u\u017etikrinimo svarba prie\u0161 i\u0161vykstant dirbti \u012f u\u017esienio \u0161al\u012f. Greitai su\u017einokite, kaip tinkama profesionali pagalba gali u\u017etikrinti skland\u0173 ir visi\u0161kai saug\u0173 persik\u0117lim\u0105 \u012f u\u017esien\u012f.","og_url":"https:\/\/atena.sk\/blog\/lt\/darbo-dienos-reiksme\/","og_site_name":"At\u0117n\u0173 tinklara\u0161tis","article_published_time":"2026-04-29T15:00:32+00:00","article_modified_time":"2026-04-29T15:01:51+00:00","og_image":[{"url":"https:\/\/atena.sk\/blog\/wp-content\/uploads\/2026\/04\/AdobeStock_281549501-1024x576.jpg"}],"author":"Marin Nedelev","twitter_misc":{"Written by":"Marin Nedelev","Est. reading time":"3 minutes"},"schema":{"@context":"https:\/\/schema.org","@graph":[{"@type":"NewsArticle","@id":"https:\/\/atena.sk\/blog\/lt\/darbo-dienos-reiksme\/#article","isPartOf":{"@id":"https:\/\/atena.sk\/blog\/lt\/darbo-dienos-reiksme\/"},"author":{"name":"Marin Nedelev","@id":"https:\/\/atena.sk\/blog\/lt\/#\/schema\/person\/0ae6c6390563d6555f91b0db4767e168"},"headline":"Darbo dienos reik\u0161m\u0117","datePublished":"2026-04-29T15:00:32+00:00","dateModified":"2026-04-29T15:01:51+00:00","mainEntityOfPage":{"@id":"https:\/\/atena.sk\/blog\/lt\/darbo-dienos-reiksme\/"},"wordCount":601,"publisher":{"@id":"https:\/\/atena.sk\/blog\/lt\/#organization"},"image":{"@id":"https:\/\/atena.sk\/blog\/lt\/darbo-dienos-reiksme\/#primaryimage"},"thumbnailUrl":"https:\/\/atena.sk\/blog\/wp-content\/uploads\/2026\/04\/AdobeStock_281549501-scaled.jpg","articleSection":["Klientai","\u012emon\u0117s"],"inLanguage":"lt-LT"},{"@type":["WebPage","ItemPage"],"@id":"https:\/\/atena.sk\/blog\/lt\/darbo-dienos-reiksme\/","url":"https:\/\/atena.sk\/blog\/lt\/darbo-dienos-reiksme\/","name":"Darbo dienos reik\u0161m\u0117 - At\u0117n\u0173 tinklara\u0161tis","isPartOf":{"@id":"https:\/\/atena.sk\/blog\/lt\/#website"},"primaryImageOfPage":{"@id":"https:\/\/atena.sk\/blog\/lt\/darbo-dienos-reiksme\/#primaryimage"},"image":{"@id":"https:\/\/atena.sk\/blog\/lt\/darbo-dienos-reiksme\/#primaryimage"},"thumbnailUrl":"https:\/\/atena.sk\/blog\/wp-content\/uploads\/2026\/04\/AdobeStock_281549501-scaled.jpg","datePublished":"2026-04-29T15:00:32+00:00","dateModified":"2026-04-29T15:01:51+00:00","description":"Su\u017einokite tikr\u0105j\u0105 Darbo dienos kilm\u0119 ir i\u0161siai\u0161kinkite, kod\u0117l s\u0105\u017einingos darbuotoj\u0173 teis\u0117s vis dar svarbios. Pasidom\u0117kite, kaip saugiai dirbti u\u017esienyje.","breadcrumb":{"@id":"https:\/\/atena.sk\/blog\/lt\/darbo-dienos-reiksme\/#breadcrumb"},"inLanguage":"lt-LT","potentialAction":[{"@type":"ReadAction","target":["https:\/\/atena.sk\/blog\/lt\/darbo-dienos-reiksme\/"]}]},{"@type":"ImageObject","inLanguage":"lt-LT","@id":"https:\/\/atena.sk\/blog\/lt\/darbo-dienos-reiksme\/#primaryimage","url":"https:\/\/atena.sk\/blog\/wp-content\/uploads\/2026\/04\/AdobeStock_281549501-scaled.jpg","contentUrl":"https:\/\/atena.sk\/blog\/wp-content\/uploads\/2026\/04\/AdobeStock_281549501-scaled.jpg","width":2780,"height":1564,"caption":"sviatok pr\u00e1ce"},{"@type":"BreadcrumbList","@id":"https:\/\/atena.sk\/blog\/lt\/darbo-dienos-reiksme\/#breadcrumb","itemListElement":[{"@type":"ListItem","position":1,"name":"Home","item":"https:\/\/atena.sk\/blog\/lt\/pasirinkite-tinklarasciu-skyriu\/"},{"@type":"ListItem","position":2,"name":"Darbo dienos reik\u0161m\u0117"}]},{"@type":"WebSite","@id":"https:\/\/atena.sk\/blog\/lt\/#website","url":"https:\/\/atena.sk\/blog\/lt\/","name":"At\u0117n\u0173 tinklara\u0161tis","description":"Tinklara\u0161tis bendrov\u0117s atena","publisher":{"@id":"https:\/\/atena.sk\/blog\/lt\/#organization"},"potentialAction":[{"@type":"SearchAction","target":{"@type":"EntryPoint","urlTemplate":"https:\/\/atena.sk\/blog\/lt\/?s={search_term_string}"},"query-input":"required name=search_term_string"}],"inLanguage":"lt-LT"},{"@type":"Organization","@id":"https:\/\/atena.sk\/blog\/lt\/#organization","name":"ATENA","url":"https:\/\/atena.sk\/blog\/lt\/","logo":{"@type":"ImageObject","inLanguage":"lt-LT","@id":"https:\/\/atena.sk\/blog\/lt\/#\/schema\/logo\/image\/","url":"https:\/\/atena.sk\/blog\/wp-content\/uploads\/2022\/08\/logo.png","contentUrl":"https:\/\/atena.sk\/blog\/wp-content\/uploads\/2022\/08\/logo.png","width":3543,"height":3543,"caption":"ATENA"},"image":{"@id":"https:\/\/atena.sk\/blog\/lt\/#\/schema\/logo\/image\/"}},{"@type":"Person","@id":"https:\/\/atena.sk\/blog\/lt\/#\/schema\/person\/0ae6c6390563d6555f91b0db4767e168","name":"Marin Nedelev","image":{"@type":"ImageObject","inLanguage":"lt-LT","@id":"https:\/\/atena.sk\/blog\/lt\/#\/schema\/person\/image\/","url":"https:\/\/secure.gravatar.com\/avatar\/c7908085eb1039e4706a94fc58b04d66?s=96&d=mm&r=g","contentUrl":"https:\/\/secure.gravatar.com\/avatar\/c7908085eb1039e4706a94fc58b04d66?s=96&d=mm&r=g","caption":"Marin Nedelev"},"url":"https:\/\/atena.sk\/blog\/lt\/author\/marin-nedelev\/"}]}},"_links":{"self":[{"href":"https:\/\/atena.sk\/blog\/lt\/wp-json\/wp\/v2\/posts\/382540"}],"collection":[{"href":"https:\/\/atena.sk\/blog\/lt\/wp-json\/wp\/v2\/posts"}],"about":[{"href":"https:\/\/atena.sk\/blog\/lt\/wp-json\/wp\/v2\/types\/post"}],"author":[{"embeddable":true,"href":"https:\/\/atena.sk\/blog\/lt\/wp-json\/wp\/v2\/users\/20"}],"replies":[{"embeddable":true,"href":"https:\/\/atena.sk\/blog\/lt\/wp-json\/wp\/v2\/comments?post=382540"}],"version-history":[{"count":1,"href":"https:\/\/atena.sk\/blog\/lt\/wp-json\/wp\/v2\/posts\/382540\/revisions"}],"predecessor-version":[{"id":382544,"href":"https:\/\/atena.sk\/blog\/lt\/wp-json\/wp\/v2\/posts\/382540\/revisions\/382544"}],"wp:featuredmedia":[{"embeddable":true,"href":"https:\/\/atena.sk\/blog\/lt\/wp-json\/wp\/v2\/media\/382494"}],"wp:attachment":[{"href":"https:\/\/atena.sk\/blog\/lt\/wp-json\/wp\/v2\/media?parent=382540"}],"wp:term":[{"taxonomy":"category","embeddable":true,"href":"https:\/\/atena.sk\/blog\/lt\/wp-json\/wp\/v2\/categories?post=382540"},{"taxonomy":"post_tag","embeddable":true,"href":"https:\/\/atena.sk\/blog\/lt\/wp-json\/wp\/v2\/tags?post=382540"}],"curies":[{"name":"wp","href":"https:\/\/api.w.org\/{rel}","templated":true}]}}