{"id":382534,"date":"2026-04-29T17:00:32","date_gmt":"2026-04-29T15:00:32","guid":{"rendered":"https:\/\/atena.sk\/blog\/znaczenie-swieta-pracy\/"},"modified":"2026-04-29T17:01:40","modified_gmt":"2026-04-29T15:01:40","slug":"znaczenie-swieta-pracy","status":"publish","type":"post","link":"https:\/\/atena.sk\/blog\/pl\/znaczenie-swieta-pracy\/","title":{"rendered":"Znaczenie \u015awi\u0119ta Pracy"},"content":{"rendered":"\n<p>Pierwszy maja to bardzo szczeg\u00f3lna data w kalendarzu. Ludzie na ca\u0142ym \u015bwiecie \u015bwi\u0119tuj\u0105 tego dnia Dzie\u0144 Pracy. To wspania\u0142y czas, aby uhonorowa\u0107 pracownik\u00f3w i ich ci\u0119\u017ck\u0105 prac\u0119. Wiele kraj\u00f3w na ca\u0142ym \u015bwiecie uczyni\u0142o ten dzie\u0144 oficjalnym \u015bwi\u0119tem pa\u0144stwowym. Rodziny sp\u0119dzaj\u0105 razem czas, bliscy przyjaciele spotykaj\u0105 si\u0119 na piknikach, a ci\u0119\u017cko pracuj\u0105cy ludzie ciesz\u0105 si\u0119 zas\u0142u\u017conym odpoczynkiem. Jednak \u015awi\u0119to Pracy to znacznie wi\u0119cej ni\u017c tylko dzie\u0144 wolny od pracy. Ma bogat\u0105 histori\u0119, kt\u00f3ra ca\u0142kowicie zmieni\u0142a wsp\u00f3\u0142czesne miejsce pracy. Przypomina nam o walce o ludzk\u0105 godno\u015b\u0107 w pracy. Ka\u017cda osoba bez w\u0105tpienia zas\u0142uguje na bezpieczne \u015brodowisko i sprawiedliwe wynagrodzenie za swoje wysi\u0142ki.        <\/p>\n\n<!--more-->\n\n<h2 class=\"wp-block-heading\">Prawdziwe pochodzenie pierwszego maja<\/h2>\n\n<p>Prawdziwa historia \u015awi\u0119ta Pracy zaczyna si\u0119 w Stanach Zjednoczonych. W maju osiemset osiemdziesi\u0105tego sz\u00f3stego roku odwa\u017cni robotnicy w Chicago zorganizowali ogromny strajk publiczny. Domagali si\u0119 sprawiedliwego o\u015bmiogodzinnego dnia pracy dla wszystkich ludzi. W tym czasie zwykli ludzie pracowali bardzo d\u0142ugo w absolutnie niebezpiecznych warunkach. Pracodawcy cz\u0119sto zmuszali swoich pracownik\u00f3w do pracy po szesna\u015bcie godzin dziennie. Pracownicy mieli bardzo ma\u0142o wolnego czasu na odpoczynek lub za\u0142o\u017cenie rodziny. Protesty w Chicago ostatecznie zapocz\u0105tkowa\u0142y ogromny ruch spo\u0142eczny. Ludzie szybko zdali sobie spraw\u0119 z silnej potrzeby trzymania si\u0119 razem. Wsp\u00f3lnie zacz\u0119li domaga\u0107 si\u0119 lepszego traktowania i sprawiedliwych zasad pracy. Wykazali si\u0119 niewiarygodn\u0105 osobist\u0105 odwag\u0105 przeciwko niesprawiedliwym szefom.         <\/p>\n\n<h2 class=\"wp-block-heading\">Globalne rozpowszechnienie praw pracowniczych<\/h2>\n\n<p>Kilka lat po tych historycznych wydarzeniach mi\u0119dzynarodowi przyw\u00f3dcy w Europie postanowili uhonorowa\u0107 dzielnych ameryka\u0144skich robotnik\u00f3w. Oficjalnie wybrali Dzie\u0144 Majowy jako Mi\u0119dzynarodowy Dzie\u0144 Robotnika. Od tego czasu to wa\u017cne globalne \u015bwi\u0119to zyska\u0142o ogromn\u0105 popularno\u015b\u0107. Szybko sta\u0142o si\u0119 ono pot\u0119\u017cnym symbolem robotniczej jedno\u015bci dla ludzi na ca\u0142ym \u015bwiecie. Pracownicy w r\u00f3\u017cnych krajach stopniowo zacz\u0119li tworzy\u0107 grupy, aby aktywnie broni\u0107 swoich interes\u00f3w. Walczyli o sprawiedliwe p\u0142ace minimalne, przerwy weekendowe i bezpieczne fabryki. Dzi\u0119ki ich ogromnym wysi\u0142kom cieszymy si\u0119 dzi\u015b wieloma zabezpieczeniami pracowniczymi. Te nowoczesne udogodnienia s\u0105 dzi\u015b cz\u0119sto b\u0142\u0119dnie uwa\u017cane za co\u015b oczywistego. Nowoczesne standardy pracy zawdzi\u0119czamy tym bohaterskim pionierom.        <\/p>\n\n<h2 class=\"wp-block-heading\">Dlaczego \u015awi\u0119to Pracy jest dzi\u015b nadal wa\u017cne<\/h2>\n\n<p>Dzi\u015b \u015awi\u0119to Pracy pozostaje bardzo pot\u0119\u017cnym i wa\u017cnym symbolem historycznym. Bardzo wyra\u017anie pokazuje ogromne znaczenie uczciwej i rzetelnej pracy. Wsp\u00f3\u0142cze\u015bni pracownicy nadal domagaj\u0105 si\u0119 wiarygodnych wynagrodze\u0144, pe\u0142nego bezpiecze\u0144stwa prawnego i zdrowej r\u00f3wnowagi \u017cyciowej. Potrzebuj\u0105 wyra\u017anej r\u00f3wnowagi mi\u0119dzy codzienn\u0105 prac\u0105 a normalnym \u017cyciem osobistym. \u015awiat ca\u0142y czas szybko si\u0119 zmienia, ale podstawowa ludzka potrzeba szacunku nigdy nie znika. Niestety, wiele os\u00f3b wci\u0105\u017c boryka si\u0119 z niesprawiedliwymi warunkami pracy lub niskim wynagrodzeniem. \u015awi\u0119to Pracy przypomina nam, aby zawsze docenia\u0107 w\u0142asne umiej\u0119tno\u015bci. Zach\u0119ca nas do poszukiwania lepszych mo\u017cliwo\u015bci kariery. Ka\u017cdy pracownik w pe\u0142ni zas\u0142uguje na nowoczesne miejsce pracy zapewniaj\u0105ce dobre samopoczucie fizyczne i psychiczne.        <\/p>\n\n<h2 class=\"wp-block-heading\"><a href=\"https:\/\/atena.org\">Znajd\u017a idealn\u0105 prac\u0119 z Aten\u0105<\/a><\/h2>\n\n<p>W <a href=\"https:\/\/atena.org\">Atena <\/a>naprawd\u0119 wierzymy, \u017ce ka\u017cdy ci\u0119\u017cko pracuj\u0105cy cz\u0142owiek zas\u0142uguje na fantastyczn\u0105 prac\u0119 i bezpieczne \u017cycie. Fachowo pomagamy oddanym pracownikom medycznym, do\u015bwiadczonym opiekunom i wykwalifikowanym pracownikom fizycznym. Z powodzeniem znajdujemy dla nich doskona\u0142e oferty pracy w Europie Zachodniej. Od dawna koncentrujemy si\u0119 na krajach rozwini\u0119tych, takich jak Niemcy, Austria i nowoczesna Holandia. Nigdy nie pobieramy \u017cadnych ukrytych op\u0142at za nasze wysokiej jako\u015bci us\u0142ugi. Z nami zawsze szybko otrzymasz w pe\u0142ni legaln\u0105 umow\u0119 o prac\u0119, doskona\u0142e wynagrodzenie i profesjonalne wsparcie. Starannie organizujemy logistyk\u0119 podr\u00f3\u017cy. Pozostajemy niezawodnym &#8222;przyjacielem na telefon&#8221; przez dwadzie\u015bcia cztery godziny na dob\u0119. Nie wahaj si\u0119 i natychmiast skontaktuj si\u0119 z Aten\u0105. Zbuduj lepsz\u0105 przysz\u0142o\u015b\u0107 i zyskaj szacunek.         <\/p>\n\n<p><\/p>\n","protected":false},"excerpt":{"rendered":"<p>May Day to wa\u017cne globalne \u015bwi\u0119to skupiaj\u0105ce si\u0119 na d\u0142ugiej historycznej walce o sprawiedliwe warunki pracy i podstawow\u0105 godno\u015b\u0107 cz\u0142owieka. Nasz nowy artyku\u0142 szczeg\u00f3\u0142owo analizuje pot\u0119\u017cne i inspiruj\u0105ce pocz\u0105tki tego \u015bwi\u0119ta wraz z odwa\u017cnymi pracownikami w Chicago. Wyja\u015bniamy r\u00f3wnie\u017c znaczenie tych podstawowych praw w budowaniu udanej kariery w zupe\u0142nie nowym kraju. Przeczytaj nasz pe\u0142ny wpis, aby dowiedzie\u0107 si\u0119, w jaki spos\u00f3b odpowiednie umowy mog\u0105 maksymalnie chroni\u0107 Twoj\u0105 przysz\u0142o\u015b\u0107 za granic\u0105.   <\/p>\n","protected":false},"author":20,"featured_media":382497,"comment_status":"closed","ping_status":"open","sticky":false,"template":"","format":"standard","meta":{"footnotes":""},"categories":[179,181],"tags":[],"acf":{"facebookpost":"Szcz\u0119\u015bliwego Dnia Pracy! Czy znasz prawdziw\u0105 histori\u0119 tego wa\u017cnego historycznego \u015bwi\u0119ta? Nasz najnowszy artyku\u0142 zag\u0142\u0119bia si\u0119 w bogat\u0105 histori\u0119 \u015awi\u0119ta Majowego i wyja\u015bnia obecne znaczenie praw pracowniczych. \ud83d\udcbc\u2708\ufe0f Przeczytaj ca\u0142y post, aby dowiedzie\u0107 si\u0119, jak bezpiecznie znale\u017a\u0107 prac\u0119 za granic\u0105! \ud83d\udc47","popis_socialneho_obrazku":"Historia \u015awi\u0119ta Pracy"},"yoast_head":"<!-- This site is optimized with the Yoast SEO plugin v22.6 - https:\/\/yoast.com\/wordpress\/plugins\/seo\/ -->\n<title>Znaczenie \u015awi\u0119ta Pracy - Blog Atena<\/title>\n<meta name=\"description\" content=\"Odkryj prawdziwe pochodzenie \u015awi\u0119ta Pracy i dowiedz si\u0119, dlaczego sprawiedliwe prawa pracownicze s\u0105 nadal wa\u017cne. Bezpieczna praca za granic\u0105.\" \/>\n<meta name=\"robots\" content=\"index, follow, max-snippet:-1, max-image-preview:large, max-video-preview:-1\" \/>\n<link rel=\"canonical\" href=\"https:\/\/atena.sk\/blog\/pl\/znaczenie-swieta-pracy\/\" \/>\n<meta property=\"og:locale\" content=\"pl_PL\" \/>\n<meta property=\"og:type\" content=\"article\" \/>\n<meta property=\"og:title\" content=\"Znaczenie \u015awi\u0119ta Pracy - Blog Atena\" \/>\n<meta property=\"og:description\" content=\"\u015awi\u0119to Pracy s\u0142u\u017cy jako szczeg\u00f3lnie silne przypomnienie o potrzebie bezpiecze\u0144stwa, g\u0142\u0119bokiego szacunku i sprawiedliwego wynagrodzenia dla ka\u017cdego pracownika. Ten nowy wpis na blogu zag\u0142\u0119bia si\u0119 w bogat\u0105 histori\u0119 \u015awi\u0119ta Majowego i jego trwa\u0142y wp\u0142yw na wsp\u00f3\u0142czesne zatrudnienie. Bezpo\u015brednio podkre\u015bla ogromne znaczenie zabezpieczenia prawnie wi\u0105\u017c\u0105cych um\u00f3w przed wyjazdem do pracy w obcym kraju. Szybko odkryj, jak odpowiednie profesjonalne wsparcie mo\u017ce zapewni\u0107 p\u0142ynne i ca\u0142kowicie bezpieczne przej\u015bcie za granic\u0119.\" \/>\n<meta property=\"og:url\" content=\"https:\/\/atena.sk\/blog\/pl\/znaczenie-swieta-pracy\/\" \/>\n<meta property=\"og:site_name\" content=\"Blog Atena\" \/>\n<meta property=\"article:published_time\" content=\"2026-04-29T15:00:32+00:00\" \/>\n<meta property=\"article:modified_time\" content=\"2026-04-29T15:01:40+00:00\" \/>\n<meta property=\"og:image\" content=\"https:\/\/atena.sk\/blog\/wp-content\/uploads\/2026\/04\/AdobeStock_281549501-1024x576.jpg\" \/>\n<meta name=\"author\" content=\"Marin Nedelev\" \/>\n<meta name=\"twitter:label1\" content=\"Napisane przez\" \/>\n\t<meta name=\"twitter:data1\" content=\"Marin Nedelev\" \/>\n\t<meta name=\"twitter:label2\" content=\"Szacowany czas czytania\" \/>\n\t<meta name=\"twitter:data2\" content=\"3 minutes\" \/>\n<script type=\"application\/ld+json\" class=\"yoast-schema-graph\">{\"@context\":\"https:\/\/schema.org\",\"@graph\":[{\"@type\":\"NewsArticle\",\"@id\":\"https:\/\/atena.sk\/blog\/pl\/znaczenie-swieta-pracy\/#article\",\"isPartOf\":{\"@id\":\"https:\/\/atena.sk\/blog\/pl\/znaczenie-swieta-pracy\/\"},\"author\":{\"name\":\"Marin Nedelev\",\"@id\":\"https:\/\/atena.sk\/blog\/pl\/#\/schema\/person\/0ae6c6390563d6555f91b0db4767e168\"},\"headline\":\"Znaczenie \u015awi\u0119ta Pracy\",\"datePublished\":\"2026-04-29T15:00:32+00:00\",\"dateModified\":\"2026-04-29T15:01:40+00:00\",\"mainEntityOfPage\":{\"@id\":\"https:\/\/atena.sk\/blog\/pl\/znaczenie-swieta-pracy\/\"},\"wordCount\":642,\"publisher\":{\"@id\":\"https:\/\/atena.sk\/blog\/pl\/#organization\"},\"image\":{\"@id\":\"https:\/\/atena.sk\/blog\/pl\/znaczenie-swieta-pracy\/#primaryimage\"},\"thumbnailUrl\":\"https:\/\/atena.sk\/blog\/wp-content\/uploads\/2026\/04\/AdobeStock_281549501-scaled.jpg\",\"articleSection\":[\"Klienci\",\"Firmy\"],\"inLanguage\":\"pl-PL\"},{\"@type\":[\"WebPage\",\"ItemPage\"],\"@id\":\"https:\/\/atena.sk\/blog\/pl\/znaczenie-swieta-pracy\/\",\"url\":\"https:\/\/atena.sk\/blog\/pl\/znaczenie-swieta-pracy\/\",\"name\":\"Znaczenie \u015awi\u0119ta Pracy - Blog Atena\",\"isPartOf\":{\"@id\":\"https:\/\/atena.sk\/blog\/pl\/#website\"},\"primaryImageOfPage\":{\"@id\":\"https:\/\/atena.sk\/blog\/pl\/znaczenie-swieta-pracy\/#primaryimage\"},\"image\":{\"@id\":\"https:\/\/atena.sk\/blog\/pl\/znaczenie-swieta-pracy\/#primaryimage\"},\"thumbnailUrl\":\"https:\/\/atena.sk\/blog\/wp-content\/uploads\/2026\/04\/AdobeStock_281549501-scaled.jpg\",\"datePublished\":\"2026-04-29T15:00:32+00:00\",\"dateModified\":\"2026-04-29T15:01:40+00:00\",\"description\":\"Odkryj prawdziwe pochodzenie \u015awi\u0119ta Pracy i dowiedz si\u0119, dlaczego sprawiedliwe prawa pracownicze s\u0105 nadal wa\u017cne. Bezpieczna praca za granic\u0105.\",\"breadcrumb\":{\"@id\":\"https:\/\/atena.sk\/blog\/pl\/znaczenie-swieta-pracy\/#breadcrumb\"},\"inLanguage\":\"pl-PL\",\"potentialAction\":[{\"@type\":\"ReadAction\",\"target\":[\"https:\/\/atena.sk\/blog\/pl\/znaczenie-swieta-pracy\/\"]}]},{\"@type\":\"ImageObject\",\"inLanguage\":\"pl-PL\",\"@id\":\"https:\/\/atena.sk\/blog\/pl\/znaczenie-swieta-pracy\/#primaryimage\",\"url\":\"https:\/\/atena.sk\/blog\/wp-content\/uploads\/2026\/04\/AdobeStock_281549501-scaled.jpg\",\"contentUrl\":\"https:\/\/atena.sk\/blog\/wp-content\/uploads\/2026\/04\/AdobeStock_281549501-scaled.jpg\",\"width\":2780,\"height\":1564,\"caption\":\"sviatok pr\u00e1ce\"},{\"@type\":\"BreadcrumbList\",\"@id\":\"https:\/\/atena.sk\/blog\/pl\/znaczenie-swieta-pracy\/#breadcrumb\",\"itemListElement\":[{\"@type\":\"ListItem\",\"position\":1,\"name\":\"Home\",\"item\":\"https:\/\/atena.sk\/blog\/pl\/wybierz-sekcje-blogow\/\"},{\"@type\":\"ListItem\",\"position\":2,\"name\":\"Znaczenie \u015awi\u0119ta Pracy\"}]},{\"@type\":\"WebSite\",\"@id\":\"https:\/\/atena.sk\/blog\/pl\/#website\",\"url\":\"https:\/\/atena.sk\/blog\/pl\/\",\"name\":\"Blog Atena\",\"description\":\"Blog spolo\u010dnosti atena\",\"publisher\":{\"@id\":\"https:\/\/atena.sk\/blog\/pl\/#organization\"},\"potentialAction\":[{\"@type\":\"SearchAction\",\"target\":{\"@type\":\"EntryPoint\",\"urlTemplate\":\"https:\/\/atena.sk\/blog\/pl\/?s={search_term_string}\"},\"query-input\":\"required name=search_term_string\"}],\"inLanguage\":\"pl-PL\"},{\"@type\":\"Organization\",\"@id\":\"https:\/\/atena.sk\/blog\/pl\/#organization\",\"name\":\"ATENA\",\"url\":\"https:\/\/atena.sk\/blog\/pl\/\",\"logo\":{\"@type\":\"ImageObject\",\"inLanguage\":\"pl-PL\",\"@id\":\"https:\/\/atena.sk\/blog\/pl\/#\/schema\/logo\/image\/\",\"url\":\"https:\/\/atena.sk\/blog\/wp-content\/uploads\/2022\/08\/logo.png\",\"contentUrl\":\"https:\/\/atena.sk\/blog\/wp-content\/uploads\/2022\/08\/logo.png\",\"width\":3543,\"height\":3543,\"caption\":\"ATENA\"},\"image\":{\"@id\":\"https:\/\/atena.sk\/blog\/pl\/#\/schema\/logo\/image\/\"}},{\"@type\":\"Person\",\"@id\":\"https:\/\/atena.sk\/blog\/pl\/#\/schema\/person\/0ae6c6390563d6555f91b0db4767e168\",\"name\":\"Marin Nedelev\",\"image\":{\"@type\":\"ImageObject\",\"inLanguage\":\"pl-PL\",\"@id\":\"https:\/\/atena.sk\/blog\/pl\/#\/schema\/person\/image\/\",\"url\":\"https:\/\/secure.gravatar.com\/avatar\/c7908085eb1039e4706a94fc58b04d66?s=96&d=mm&r=g\",\"contentUrl\":\"https:\/\/secure.gravatar.com\/avatar\/c7908085eb1039e4706a94fc58b04d66?s=96&d=mm&r=g\",\"caption\":\"Marin Nedelev\"},\"url\":\"https:\/\/atena.sk\/blog\/pl\/author\/marin-nedelev\/\"}]}<\/script>\n<!-- \/ Yoast SEO plugin. -->","yoast_head_json":{"title":"Znaczenie \u015awi\u0119ta Pracy - Blog Atena","description":"Odkryj prawdziwe pochodzenie \u015awi\u0119ta Pracy i dowiedz si\u0119, dlaczego sprawiedliwe prawa pracownicze s\u0105 nadal wa\u017cne. Bezpieczna praca za granic\u0105.","robots":{"index":"index","follow":"follow","max-snippet":"max-snippet:-1","max-image-preview":"max-image-preview:large","max-video-preview":"max-video-preview:-1"},"canonical":"https:\/\/atena.sk\/blog\/pl\/znaczenie-swieta-pracy\/","og_locale":"pl_PL","og_type":"article","og_title":"Znaczenie \u015awi\u0119ta Pracy - Blog Atena","og_description":"\u015awi\u0119to Pracy s\u0142u\u017cy jako szczeg\u00f3lnie silne przypomnienie o potrzebie bezpiecze\u0144stwa, g\u0142\u0119bokiego szacunku i sprawiedliwego wynagrodzenia dla ka\u017cdego pracownika. Ten nowy wpis na blogu zag\u0142\u0119bia si\u0119 w bogat\u0105 histori\u0119 \u015awi\u0119ta Majowego i jego trwa\u0142y wp\u0142yw na wsp\u00f3\u0142czesne zatrudnienie. Bezpo\u015brednio podkre\u015bla ogromne znaczenie zabezpieczenia prawnie wi\u0105\u017c\u0105cych um\u00f3w przed wyjazdem do pracy w obcym kraju. Szybko odkryj, jak odpowiednie profesjonalne wsparcie mo\u017ce zapewni\u0107 p\u0142ynne i ca\u0142kowicie bezpieczne przej\u015bcie za granic\u0119.","og_url":"https:\/\/atena.sk\/blog\/pl\/znaczenie-swieta-pracy\/","og_site_name":"Blog Atena","article_published_time":"2026-04-29T15:00:32+00:00","article_modified_time":"2026-04-29T15:01:40+00:00","og_image":[{"url":"https:\/\/atena.sk\/blog\/wp-content\/uploads\/2026\/04\/AdobeStock_281549501-1024x576.jpg"}],"author":"Marin Nedelev","twitter_misc":{"Napisane przez":"Marin Nedelev","Szacowany czas czytania":"3 minutes"},"schema":{"@context":"https:\/\/schema.org","@graph":[{"@type":"NewsArticle","@id":"https:\/\/atena.sk\/blog\/pl\/znaczenie-swieta-pracy\/#article","isPartOf":{"@id":"https:\/\/atena.sk\/blog\/pl\/znaczenie-swieta-pracy\/"},"author":{"name":"Marin Nedelev","@id":"https:\/\/atena.sk\/blog\/pl\/#\/schema\/person\/0ae6c6390563d6555f91b0db4767e168"},"headline":"Znaczenie \u015awi\u0119ta Pracy","datePublished":"2026-04-29T15:00:32+00:00","dateModified":"2026-04-29T15:01:40+00:00","mainEntityOfPage":{"@id":"https:\/\/atena.sk\/blog\/pl\/znaczenie-swieta-pracy\/"},"wordCount":642,"publisher":{"@id":"https:\/\/atena.sk\/blog\/pl\/#organization"},"image":{"@id":"https:\/\/atena.sk\/blog\/pl\/znaczenie-swieta-pracy\/#primaryimage"},"thumbnailUrl":"https:\/\/atena.sk\/blog\/wp-content\/uploads\/2026\/04\/AdobeStock_281549501-scaled.jpg","articleSection":["Klienci","Firmy"],"inLanguage":"pl-PL"},{"@type":["WebPage","ItemPage"],"@id":"https:\/\/atena.sk\/blog\/pl\/znaczenie-swieta-pracy\/","url":"https:\/\/atena.sk\/blog\/pl\/znaczenie-swieta-pracy\/","name":"Znaczenie \u015awi\u0119ta Pracy - Blog Atena","isPartOf":{"@id":"https:\/\/atena.sk\/blog\/pl\/#website"},"primaryImageOfPage":{"@id":"https:\/\/atena.sk\/blog\/pl\/znaczenie-swieta-pracy\/#primaryimage"},"image":{"@id":"https:\/\/atena.sk\/blog\/pl\/znaczenie-swieta-pracy\/#primaryimage"},"thumbnailUrl":"https:\/\/atena.sk\/blog\/wp-content\/uploads\/2026\/04\/AdobeStock_281549501-scaled.jpg","datePublished":"2026-04-29T15:00:32+00:00","dateModified":"2026-04-29T15:01:40+00:00","description":"Odkryj prawdziwe pochodzenie \u015awi\u0119ta Pracy i dowiedz si\u0119, dlaczego sprawiedliwe prawa pracownicze s\u0105 nadal wa\u017cne. Bezpieczna praca za granic\u0105.","breadcrumb":{"@id":"https:\/\/atena.sk\/blog\/pl\/znaczenie-swieta-pracy\/#breadcrumb"},"inLanguage":"pl-PL","potentialAction":[{"@type":"ReadAction","target":["https:\/\/atena.sk\/blog\/pl\/znaczenie-swieta-pracy\/"]}]},{"@type":"ImageObject","inLanguage":"pl-PL","@id":"https:\/\/atena.sk\/blog\/pl\/znaczenie-swieta-pracy\/#primaryimage","url":"https:\/\/atena.sk\/blog\/wp-content\/uploads\/2026\/04\/AdobeStock_281549501-scaled.jpg","contentUrl":"https:\/\/atena.sk\/blog\/wp-content\/uploads\/2026\/04\/AdobeStock_281549501-scaled.jpg","width":2780,"height":1564,"caption":"sviatok pr\u00e1ce"},{"@type":"BreadcrumbList","@id":"https:\/\/atena.sk\/blog\/pl\/znaczenie-swieta-pracy\/#breadcrumb","itemListElement":[{"@type":"ListItem","position":1,"name":"Home","item":"https:\/\/atena.sk\/blog\/pl\/wybierz-sekcje-blogow\/"},{"@type":"ListItem","position":2,"name":"Znaczenie \u015awi\u0119ta Pracy"}]},{"@type":"WebSite","@id":"https:\/\/atena.sk\/blog\/pl\/#website","url":"https:\/\/atena.sk\/blog\/pl\/","name":"Blog Atena","description":"Blog spolo\u010dnosti atena","publisher":{"@id":"https:\/\/atena.sk\/blog\/pl\/#organization"},"potentialAction":[{"@type":"SearchAction","target":{"@type":"EntryPoint","urlTemplate":"https:\/\/atena.sk\/blog\/pl\/?s={search_term_string}"},"query-input":"required name=search_term_string"}],"inLanguage":"pl-PL"},{"@type":"Organization","@id":"https:\/\/atena.sk\/blog\/pl\/#organization","name":"ATENA","url":"https:\/\/atena.sk\/blog\/pl\/","logo":{"@type":"ImageObject","inLanguage":"pl-PL","@id":"https:\/\/atena.sk\/blog\/pl\/#\/schema\/logo\/image\/","url":"https:\/\/atena.sk\/blog\/wp-content\/uploads\/2022\/08\/logo.png","contentUrl":"https:\/\/atena.sk\/blog\/wp-content\/uploads\/2022\/08\/logo.png","width":3543,"height":3543,"caption":"ATENA"},"image":{"@id":"https:\/\/atena.sk\/blog\/pl\/#\/schema\/logo\/image\/"}},{"@type":"Person","@id":"https:\/\/atena.sk\/blog\/pl\/#\/schema\/person\/0ae6c6390563d6555f91b0db4767e168","name":"Marin Nedelev","image":{"@type":"ImageObject","inLanguage":"pl-PL","@id":"https:\/\/atena.sk\/blog\/pl\/#\/schema\/person\/image\/","url":"https:\/\/secure.gravatar.com\/avatar\/c7908085eb1039e4706a94fc58b04d66?s=96&d=mm&r=g","contentUrl":"https:\/\/secure.gravatar.com\/avatar\/c7908085eb1039e4706a94fc58b04d66?s=96&d=mm&r=g","caption":"Marin Nedelev"},"url":"https:\/\/atena.sk\/blog\/pl\/author\/marin-nedelev\/"}]}},"_links":{"self":[{"href":"https:\/\/atena.sk\/blog\/pl\/wp-json\/wp\/v2\/posts\/382534"}],"collection":[{"href":"https:\/\/atena.sk\/blog\/pl\/wp-json\/wp\/v2\/posts"}],"about":[{"href":"https:\/\/atena.sk\/blog\/pl\/wp-json\/wp\/v2\/types\/post"}],"author":[{"embeddable":true,"href":"https:\/\/atena.sk\/blog\/pl\/wp-json\/wp\/v2\/users\/20"}],"replies":[{"embeddable":true,"href":"https:\/\/atena.sk\/blog\/pl\/wp-json\/wp\/v2\/comments?post=382534"}],"version-history":[{"count":1,"href":"https:\/\/atena.sk\/blog\/pl\/wp-json\/wp\/v2\/posts\/382534\/revisions"}],"predecessor-version":[{"id":382538,"href":"https:\/\/atena.sk\/blog\/pl\/wp-json\/wp\/v2\/posts\/382534\/revisions\/382538"}],"wp:featuredmedia":[{"embeddable":true,"href":"https:\/\/atena.sk\/blog\/pl\/wp-json\/wp\/v2\/media\/382497"}],"wp:attachment":[{"href":"https:\/\/atena.sk\/blog\/pl\/wp-json\/wp\/v2\/media?parent=382534"}],"wp:term":[{"taxonomy":"category","embeddable":true,"href":"https:\/\/atena.sk\/blog\/pl\/wp-json\/wp\/v2\/categories?post=382534"},{"taxonomy":"post_tag","embeddable":true,"href":"https:\/\/atena.sk\/blog\/pl\/wp-json\/wp\/v2\/tags?post=382534"}],"curies":[{"name":"wp","href":"https:\/\/api.w.org\/{rel}","templated":true}]}}