{"id":371117,"date":"2025-12-30T14:40:31","date_gmt":"2025-12-30T13:40:31","guid":{"rendered":"https:\/\/atena.sk\/blog\/viti-2025-ne-rishikim-si-e-permiresuam-punen-tuaj\/"},"modified":"2026-03-03T14:15:54","modified_gmt":"2026-03-03T13:15:54","slug":"viti-2025-ne-rishikim-si-e-permiresuam-punen-tuaj","status":"publish","type":"post","link":"https:\/\/atena.sk\/blog\/sq\/viti-2025-ne-rishikim-si-e-permiresuam-punen-tuaj\/","title":{"rendered":"Viti 2025 n\u00eb rishikim: Si e p\u00ebrmir\u00ebsuam pun\u00ebn tuaj"},"content":{"rendered":"\n<p>N\u00eb vitin 2025, ne u p\u00ebrqendruam q\u00eb ju t\u00eb fitoni m\u00eb shum\u00eb. Ne arrit\u00ebm t\u00eb dyfishojm\u00eb pag\u00ebn p\u00ebr kujdestar\u00ebt p\u00ebr t\u00eb njohur pun\u00ebn tuaj t\u00eb palodhur. Ne gjithashtu prezantuam nj\u00eb bonus t\u00eb ri udh\u00ebtimi. P\u00ebr q\u00ebndrime prej 30 dit\u00ebsh, do t\u00eb merrni 80 \u20ac p\u00ebr transportin dhe rimbursime m\u00eb t\u00eb mira p\u00ebr t\u00eb gjitha shpenzimet e udh\u00ebtimit. Menaxhimi i parave tuaja tani \u00ebsht\u00eb m\u00eb i leht\u00eb se kurr\u00eb. Ju mund t\u00eb k\u00ebrkoni menj\u00ebher\u00eb nj\u00eb avancim page dhe t\u00eb shihni flet\u00ebpagesat tuaja n\u00eb gjuh\u00ebn tuaj amtare. Gjith\u00e7ka \u00ebsht\u00eb e qart\u00eb dhe e shpejt\u00eb.      <\/p>\n\n<!--more-->\n\n<h2 class=\"wp-block-heading\">Rritje m\u00eb e shpejt\u00eb e karrier\u00ebs<\/h2>\n\n<p>Ne e dim\u00eb q\u00eb koha \u00ebsht\u00eb e \u00e7muar. Kjo \u00ebsht\u00eb arsyeja pse e kemi p\u00ebrshpejtuar procesin e rekrutimit. Do t\u00eb gjeni nj\u00eb pun\u00eb m\u00eb shpejt dhe do t\u00eb filloni t\u00eb fitoni m\u00eb shpejt. Gjithashtu kemi p\u00ebrmir\u00ebsuar CV-n\u00eb tuaj. Do t&#8217;ju ofrojm\u00eb foto profesionale dhe nj\u00eb CV premium q\u00eb vepron si nj\u00eb &#8220;arm\u00eb sekrete&#8221; n\u00eb tregun e pun\u00ebs. P\u00ebrve\u00e7 k\u00ebsaj, gama jon\u00eb e gjer\u00eb e pozicioneve ju jep akses ekskluziv n\u00eb vendet m\u00eb t\u00eb mira t\u00eb pun\u00ebs n\u00eb azilet gjermane t\u00eb pleqve. Mund t\u00eb mb\u00ebshteteni n\u00eb nj\u00eb mjedis t\u00eb q\u00ebndruesh\u00ebm dhe profesional.      <\/p>\n\n<h2 class=\"wp-block-heading\">Rehati dhe krenari n\u00eb pun\u00eb<\/h2>\n\n<p>Ne besojm\u00eb se puna duhet t\u00eb jet\u00eb e rehatshme. N\u00eb vitin 2025, ofruam veshje pune premium t\u00eb dizenjuara p\u00ebr rehati dhe q\u00ebndrueshm\u00ebri. Mund t\u00eb ndiheni dhe t\u00eb dukeni profesional\u00eb \u00e7do dit\u00eb. Barrierat gjuh\u00ebsore mund ta b\u00ebjn\u00eb pun\u00ebn t\u00eb v\u00ebshtir\u00eb, k\u00ebshtu q\u00eb prezantuam mb\u00ebshtetjen e p\u00ebrkthimit Vasco. Tani mund t\u00eb komunikoni leht\u00ebsisht, edhe n\u00ebse ende nuk e flisni rrjedhsh\u00ebm gjuh\u00ebn lokale. Rehatia dhe besimi shkojn\u00eb dor\u00eb p\u00ebr dore.     <\/p>\n\n<figure class=\"wp-block-image size-large is-resized\"><a href=\"https:\/\/atena.sk\/blog\/wp-content\/uploads\/2025\/12\/caregiverWithSenior-1024x576.png\"><img decoding=\"async\" width=\"1024\" height=\"576\" src=\"https:\/\/atena.sk\/blog\/wp-content\/uploads\/2025\/12\/caregiverWithSenior-1024x576.png\" data-orig-src=\"https:\/\/atena.sk\/blog\/wp-content\/uploads\/2025\/12\/caregiverWithSenior-1024x576.png\" alt=\"\" class=\"lazyload wp-image-371081\" style=\"aspect-ratio:1.7777777777777777;width:696px;height:auto\" srcset=\"data:image\/svg+xml,%3Csvg%20xmlns%3D%27http%3A%2F%2Fwww.w3.org%2F2000%2Fsvg%27%20width%3D%271024%27%20height%3D%27576%27%20viewBox%3D%270%200%201024%20576%27%3E%3Crect%20width%3D%271024%27%20height%3D%27576%27%20fill-opacity%3D%220%22%2F%3E%3C%2Fsvg%3E\" data-srcset=\"https:\/\/atena.sk\/blog\/wp-content\/uploads\/2025\/12\/caregiverWithSenior-200x113.png 200w, https:\/\/atena.sk\/blog\/wp-content\/uploads\/2025\/12\/caregiverWithSenior-300x169.png 300w, https:\/\/atena.sk\/blog\/wp-content\/uploads\/2025\/12\/caregiverWithSenior-400x225.png 400w, https:\/\/atena.sk\/blog\/wp-content\/uploads\/2025\/12\/caregiverWithSenior-600x338.png 600w, https:\/\/atena.sk\/blog\/wp-content\/uploads\/2025\/12\/caregiverWithSenior-768x432.png 768w, https:\/\/atena.sk\/blog\/wp-content\/uploads\/2025\/12\/caregiverWithSenior-800x450.png 800w, https:\/\/atena.sk\/blog\/wp-content\/uploads\/2025\/12\/caregiverWithSenior-1024x576.png 1024w, https:\/\/atena.sk\/blog\/wp-content\/uploads\/2025\/12\/caregiverWithSenior-1200x675.png 1200w, https:\/\/atena.sk\/blog\/wp-content\/uploads\/2025\/12\/caregiverWithSenior-1536x864.png 1536w\" data-sizes=\"auto\" data-orig-sizes=\"(max-width: 1024px) 100vw, 1024px\" \/><\/a><\/figure>\n\n<h2 class=\"wp-block-heading\">P\u00ebrfitime familjare dhe ekskluzive<\/h2>\n\n<p>Ne duam q\u00eb ju t\u00eb ndiheni t\u00eb vler\u00ebsuar. Kjo \u00ebsht\u00eb arsyeja pse ne ju kemi d\u00ebrguar pako surpriz\u00eb me gj\u00ebra dhe dhurata t\u00eb dobishme. Gjithashtu do t\u00eb merrni oferta ekskluzive p\u00ebr m\u00eb t\u00eb mir\u00ebt. K\u00ebto p\u00ebrfitime shp\u00ebrblejn\u00eb p\u00ebrkushtimin dhe inkurajojn\u00eb rritjen, pavar\u00ebsisht p\u00ebrvoj\u00ebs suaj. Gjithmon\u00eb ka vend p\u00ebr p\u00ebrmir\u00ebsim dhe mund\u00ebsi t\u00eb reja.    <\/p>\n\n<h2 class=\"wp-block-heading\">Ne e b\u00ebjm\u00eb t\u00eb mundur<\/h2>\n\n<p>Viti 2025 ishte viti i p\u00ebrparimit t\u00eb v\u00ebrtet\u00eb. Paga m\u00eb t\u00eb larta, pun\u00ebsime m\u00eb t\u00eb shpejta, mjete m\u00eb t\u00eb mira dhe p\u00ebrfitime ekskluzive e b\u00ebn\u00eb pun\u00ebn m\u00eb t\u00eb leht\u00eb dhe m\u00eb shp\u00ebrblyese. Gjeni nj\u00eb pun\u00eb q\u00eb do t&#8217;ju \u00e7oj\u00eb p\u00ebrpara dhe do ta b\u00ebj\u00eb karrier\u00ebn tuaj m\u00eb t\u00eb mir\u00eb. Rehatia, rritja dhe k\u00ebnaq\u00ebsia tani jan\u00eb n\u00eb plan t\u00eb par\u00eb. <a href=\"https:\/\/atena.org\">Atena<\/a> ju ndihmon t\u00eb arrini t\u00eb gjitha k\u00ebto dhe m\u00eb shum\u00eb.   <\/p>\n\n<p><\/p>\n","protected":false},"excerpt":{"rendered":"<p>Kujdestar\u00ebt kan\u00eb shijuar nj\u00eb vit rritjeje dhe shp\u00ebrblimesh. Nga pagat m\u00eb t\u00eb larta te veshmbathjet premium dhe mb\u00ebshtetja p\u00ebr p\u00ebrkthimin, \u00e7do pjes\u00eb e pun\u00ebs \u00ebsht\u00eb p\u00ebrmir\u00ebsuar. Vendet e pun\u00ebs jan\u00eb gjetur m\u00eb shpejt dhe pozicionet e larta jan\u00eb b\u00ebr\u00eb m\u00eb t\u00eb arritshme se kurr\u00eb m\u00eb par\u00eb. P\u00ebrfitimet ekskluzive dhe dhuratat surpriz\u00eb e kan\u00eb b\u00ebr\u00eb vitin 2025 t\u00eb ve\u00e7ant\u00eb.   <\/p>\n","protected":false},"author":20,"featured_media":371054,"comment_status":"closed","ping_status":"open","sticky":false,"template":"","format":"standard","meta":{"footnotes":""},"categories":[439],"tags":[],"acf":{"facebookpost":"Viti 2025 ishte nj\u00eb vit rritjeje! \ud83d\udcc8 Paga m\u00eb t\u00eb larta \ud83d\udcb6, pun\u00ebsim i shpejt\u00eb \ud83c\udfc3\u200d\u2642\ufe0f, bonuse m\u00eb t\u00eb mira \u2708\ufe0f dhe p\u00ebrfitime ekskluzive \ud83c\udf81. B\u00ebjeni pun\u00ebn tuaj m\u00eb t\u00eb p\u00ebrshtatshme dhe shp\u00ebrblyese sot!  ","popis_socialneho_obrazku":"Si e p\u00ebrmir\u00ebsoi Athena pun\u00ebn e kujdestar\u00ebve n\u00eb vitin 2025"},"yoast_head":"<!-- This site is optimized with the Yoast SEO plugin v22.6 - https:\/\/yoast.com\/wordpress\/plugins\/seo\/ -->\n<title>Viti 2025 n\u00eb rishikim: Si e p\u00ebrmir\u00ebsuam pun\u00ebn tuaj - Blogu Atena<\/title>\n<meta name=\"description\" content=\"Pikat kryesore t\u00eb vitit 2025 p\u00ebr kujdestar\u00ebt: paga m\u00eb t\u00eb larta, pun\u00ebsim m\u00eb i shpejt\u00eb, p\u00ebrfitime premium dhe p\u00ebrfitime t\u00eb orientuara drejt familjes.\" \/>\n<meta name=\"robots\" content=\"index, follow, max-snippet:-1, max-image-preview:large, max-video-preview:-1\" \/>\n<link rel=\"canonical\" href=\"https:\/\/atena.sk\/blog\/sq\/viti-2025-ne-rishikim-si-e-permiresuam-punen-tuaj\/\" \/>\n<meta property=\"og:locale\" content=\"sq_AL\" \/>\n<meta property=\"og:type\" content=\"article\" \/>\n<meta property=\"og:title\" content=\"Viti 2025 n\u00eb rishikim: Si e p\u00ebrmir\u00ebsuam pun\u00ebn tuaj - Blogu Atena\" \/>\n<meta property=\"og:description\" content=\"Viti i kaluar solli shp\u00ebrblime t\u00eb m\u00ebdha p\u00ebr kujdestar\u00ebt. Rritjet e pagave, pun\u00ebsimi i shpejt\u00eb dhe bonuset e udh\u00ebtimit e b\u00ebn\u00eb pun\u00ebn m\u00eb t\u00eb k\u00ebnaqshme. CV-t\u00eb profesionale dhe veshjet cil\u00ebsore shtuan besim dhe rehati. Paketat surpriz\u00eb dhe p\u00ebrfitimet ekskluzive i mbajt\u00ebn kujdestar\u00ebt t\u00eb motivuar dhe t\u00eb mb\u00ebshtetur gjat\u00eb gjith\u00eb vitit.\" \/>\n<meta property=\"og:url\" content=\"https:\/\/atena.sk\/blog\/sq\/viti-2025-ne-rishikim-si-e-permiresuam-punen-tuaj\/\" \/>\n<meta property=\"og:site_name\" content=\"Blogu Atena\" \/>\n<meta property=\"article:published_time\" content=\"2025-12-30T13:40:31+00:00\" \/>\n<meta property=\"article:modified_time\" content=\"2026-03-03T13:15:54+00:00\" \/>\n<meta property=\"og:image\" content=\"https:\/\/atena.sk\/blog\/wp-content\/uploads\/2025\/12\/New-year-1024x576.jpg\" \/>\n<meta name=\"author\" content=\"Marin Nedelev\" \/>\n<meta name=\"twitter:label1\" content=\"Written by\" \/>\n\t<meta name=\"twitter:data1\" content=\"Marin Nedelev\" \/>\n\t<meta name=\"twitter:label2\" content=\"Est. reading time\" \/>\n\t<meta name=\"twitter:data2\" content=\"2 minutes\" \/>\n<script type=\"application\/ld+json\" class=\"yoast-schema-graph\">{\"@context\":\"https:\/\/schema.org\",\"@graph\":[{\"@type\":\"NewsArticle\",\"@id\":\"https:\/\/atena.sk\/blog\/sq\/viti-2025-ne-rishikim-si-e-permiresuam-punen-tuaj\/#article\",\"isPartOf\":{\"@id\":\"https:\/\/atena.sk\/blog\/sq\/viti-2025-ne-rishikim-si-e-permiresuam-punen-tuaj\/\"},\"author\":{\"name\":\"Marin Nedelev\",\"@id\":\"https:\/\/atena.sk\/blog\/sq\/#\/schema\/person\/0ae6c6390563d6555f91b0db4767e168\"},\"headline\":\"Viti 2025 n\u00eb rishikim: Si e p\u00ebrmir\u00ebsuam pun\u00ebn tuaj\",\"datePublished\":\"2025-12-30T13:40:31+00:00\",\"dateModified\":\"2026-03-03T13:15:54+00:00\",\"mainEntityOfPage\":{\"@id\":\"https:\/\/atena.sk\/blog\/sq\/viti-2025-ne-rishikim-si-e-permiresuam-punen-tuaj\/\"},\"wordCount\":474,\"publisher\":{\"@id\":\"https:\/\/atena.sk\/blog\/sq\/#organization\"},\"image\":{\"@id\":\"https:\/\/atena.sk\/blog\/sq\/viti-2025-ne-rishikim-si-e-permiresuam-punen-tuaj\/#primaryimage\"},\"thumbnailUrl\":\"https:\/\/atena.sk\/blog\/wp-content\/uploads\/2025\/12\/New-year.jpg\",\"articleSection\":[\"Klient\u00ebt\"],\"inLanguage\":\"sq\"},{\"@type\":[\"WebPage\",\"ItemPage\"],\"@id\":\"https:\/\/atena.sk\/blog\/sq\/viti-2025-ne-rishikim-si-e-permiresuam-punen-tuaj\/\",\"url\":\"https:\/\/atena.sk\/blog\/sq\/viti-2025-ne-rishikim-si-e-permiresuam-punen-tuaj\/\",\"name\":\"Viti 2025 n\u00eb rishikim: Si e p\u00ebrmir\u00ebsuam pun\u00ebn tuaj - Blogu Atena\",\"isPartOf\":{\"@id\":\"https:\/\/atena.sk\/blog\/sq\/#website\"},\"primaryImageOfPage\":{\"@id\":\"https:\/\/atena.sk\/blog\/sq\/viti-2025-ne-rishikim-si-e-permiresuam-punen-tuaj\/#primaryimage\"},\"image\":{\"@id\":\"https:\/\/atena.sk\/blog\/sq\/viti-2025-ne-rishikim-si-e-permiresuam-punen-tuaj\/#primaryimage\"},\"thumbnailUrl\":\"https:\/\/atena.sk\/blog\/wp-content\/uploads\/2025\/12\/New-year.jpg\",\"datePublished\":\"2025-12-30T13:40:31+00:00\",\"dateModified\":\"2026-03-03T13:15:54+00:00\",\"description\":\"Pikat kryesore t\u00eb vitit 2025 p\u00ebr kujdestar\u00ebt: paga m\u00eb t\u00eb larta, pun\u00ebsim m\u00eb i shpejt\u00eb, p\u00ebrfitime premium dhe p\u00ebrfitime t\u00eb orientuara drejt familjes.\",\"breadcrumb\":{\"@id\":\"https:\/\/atena.sk\/blog\/sq\/viti-2025-ne-rishikim-si-e-permiresuam-punen-tuaj\/#breadcrumb\"},\"inLanguage\":\"sq\",\"potentialAction\":[{\"@type\":\"ReadAction\",\"target\":[\"https:\/\/atena.sk\/blog\/sq\/viti-2025-ne-rishikim-si-e-permiresuam-punen-tuaj\/\"]}]},{\"@type\":\"ImageObject\",\"inLanguage\":\"sq\",\"@id\":\"https:\/\/atena.sk\/blog\/sq\/viti-2025-ne-rishikim-si-e-permiresuam-punen-tuaj\/#primaryimage\",\"url\":\"https:\/\/atena.sk\/blog\/wp-content\/uploads\/2025\/12\/New-year.jpg\",\"contentUrl\":\"https:\/\/atena.sk\/blog\/wp-content\/uploads\/2025\/12\/New-year.jpg\",\"width\":1920,\"height\":1080,\"caption\":\"Atena 2025\"},{\"@type\":\"BreadcrumbList\",\"@id\":\"https:\/\/atena.sk\/blog\/sq\/viti-2025-ne-rishikim-si-e-permiresuam-punen-tuaj\/#breadcrumb\",\"itemListElement\":[{\"@type\":\"ListItem\",\"position\":1,\"name\":\"Home\",\"item\":\"https:\/\/atena.sk\/blog\/sq\/zgjidhni-seksionin-e-blogjeve\/\"},{\"@type\":\"ListItem\",\"position\":2,\"name\":\"Viti 2025 n\u00eb rishikim: Si e p\u00ebrmir\u00ebsuam pun\u00ebn tuaj\"}]},{\"@type\":\"WebSite\",\"@id\":\"https:\/\/atena.sk\/blog\/sq\/#website\",\"url\":\"https:\/\/atena.sk\/blog\/sq\/\",\"name\":\"Blogu Atena\",\"description\":\"Blog spolo\u010dnosti atena\",\"publisher\":{\"@id\":\"https:\/\/atena.sk\/blog\/sq\/#organization\"},\"potentialAction\":[{\"@type\":\"SearchAction\",\"target\":{\"@type\":\"EntryPoint\",\"urlTemplate\":\"https:\/\/atena.sk\/blog\/sq\/?s={search_term_string}\"},\"query-input\":\"required name=search_term_string\"}],\"inLanguage\":\"sq\"},{\"@type\":\"Organization\",\"@id\":\"https:\/\/atena.sk\/blog\/sq\/#organization\",\"name\":\"ATENA\",\"url\":\"https:\/\/atena.sk\/blog\/sq\/\",\"logo\":{\"@type\":\"ImageObject\",\"inLanguage\":\"sq\",\"@id\":\"https:\/\/atena.sk\/blog\/sq\/#\/schema\/logo\/image\/\",\"url\":\"https:\/\/atena.sk\/blog\/wp-content\/uploads\/2022\/08\/logo.png\",\"contentUrl\":\"https:\/\/atena.sk\/blog\/wp-content\/uploads\/2022\/08\/logo.png\",\"width\":3543,\"height\":3543,\"caption\":\"ATENA\"},\"image\":{\"@id\":\"https:\/\/atena.sk\/blog\/sq\/#\/schema\/logo\/image\/\"}},{\"@type\":\"Person\",\"@id\":\"https:\/\/atena.sk\/blog\/sq\/#\/schema\/person\/0ae6c6390563d6555f91b0db4767e168\",\"name\":\"Marin Nedelev\",\"image\":{\"@type\":\"ImageObject\",\"inLanguage\":\"sq\",\"@id\":\"https:\/\/atena.sk\/blog\/sq\/#\/schema\/person\/image\/\",\"url\":\"https:\/\/secure.gravatar.com\/avatar\/c7908085eb1039e4706a94fc58b04d66?s=96&d=mm&r=g\",\"contentUrl\":\"https:\/\/secure.gravatar.com\/avatar\/c7908085eb1039e4706a94fc58b04d66?s=96&d=mm&r=g\",\"caption\":\"Marin Nedelev\"},\"url\":\"https:\/\/atena.sk\/blog\/sq\/author\/marin-nedelev\/\"}]}<\/script>\n<!-- \/ Yoast SEO plugin. -->","yoast_head_json":{"title":"Viti 2025 n\u00eb rishikim: Si e p\u00ebrmir\u00ebsuam pun\u00ebn tuaj - Blogu Atena","description":"Pikat kryesore t\u00eb vitit 2025 p\u00ebr kujdestar\u00ebt: paga m\u00eb t\u00eb larta, pun\u00ebsim m\u00eb i shpejt\u00eb, p\u00ebrfitime premium dhe p\u00ebrfitime t\u00eb orientuara drejt familjes.","robots":{"index":"index","follow":"follow","max-snippet":"max-snippet:-1","max-image-preview":"max-image-preview:large","max-video-preview":"max-video-preview:-1"},"canonical":"https:\/\/atena.sk\/blog\/sq\/viti-2025-ne-rishikim-si-e-permiresuam-punen-tuaj\/","og_locale":"sq_AL","og_type":"article","og_title":"Viti 2025 n\u00eb rishikim: Si e p\u00ebrmir\u00ebsuam pun\u00ebn tuaj - Blogu Atena","og_description":"Viti i kaluar solli shp\u00ebrblime t\u00eb m\u00ebdha p\u00ebr kujdestar\u00ebt. Rritjet e pagave, pun\u00ebsimi i shpejt\u00eb dhe bonuset e udh\u00ebtimit e b\u00ebn\u00eb pun\u00ebn m\u00eb t\u00eb k\u00ebnaqshme. CV-t\u00eb profesionale dhe veshjet cil\u00ebsore shtuan besim dhe rehati. Paketat surpriz\u00eb dhe p\u00ebrfitimet ekskluzive i mbajt\u00ebn kujdestar\u00ebt t\u00eb motivuar dhe t\u00eb mb\u00ebshtetur gjat\u00eb gjith\u00eb vitit.","og_url":"https:\/\/atena.sk\/blog\/sq\/viti-2025-ne-rishikim-si-e-permiresuam-punen-tuaj\/","og_site_name":"Blogu Atena","article_published_time":"2025-12-30T13:40:31+00:00","article_modified_time":"2026-03-03T13:15:54+00:00","og_image":[{"url":"https:\/\/atena.sk\/blog\/wp-content\/uploads\/2025\/12\/New-year-1024x576.jpg"}],"author":"Marin Nedelev","twitter_misc":{"Written by":"Marin Nedelev","Est. reading time":"2 minutes"},"schema":{"@context":"https:\/\/schema.org","@graph":[{"@type":"NewsArticle","@id":"https:\/\/atena.sk\/blog\/sq\/viti-2025-ne-rishikim-si-e-permiresuam-punen-tuaj\/#article","isPartOf":{"@id":"https:\/\/atena.sk\/blog\/sq\/viti-2025-ne-rishikim-si-e-permiresuam-punen-tuaj\/"},"author":{"name":"Marin Nedelev","@id":"https:\/\/atena.sk\/blog\/sq\/#\/schema\/person\/0ae6c6390563d6555f91b0db4767e168"},"headline":"Viti 2025 n\u00eb rishikim: Si e p\u00ebrmir\u00ebsuam pun\u00ebn tuaj","datePublished":"2025-12-30T13:40:31+00:00","dateModified":"2026-03-03T13:15:54+00:00","mainEntityOfPage":{"@id":"https:\/\/atena.sk\/blog\/sq\/viti-2025-ne-rishikim-si-e-permiresuam-punen-tuaj\/"},"wordCount":474,"publisher":{"@id":"https:\/\/atena.sk\/blog\/sq\/#organization"},"image":{"@id":"https:\/\/atena.sk\/blog\/sq\/viti-2025-ne-rishikim-si-e-permiresuam-punen-tuaj\/#primaryimage"},"thumbnailUrl":"https:\/\/atena.sk\/blog\/wp-content\/uploads\/2025\/12\/New-year.jpg","articleSection":["Klient\u00ebt"],"inLanguage":"sq"},{"@type":["WebPage","ItemPage"],"@id":"https:\/\/atena.sk\/blog\/sq\/viti-2025-ne-rishikim-si-e-permiresuam-punen-tuaj\/","url":"https:\/\/atena.sk\/blog\/sq\/viti-2025-ne-rishikim-si-e-permiresuam-punen-tuaj\/","name":"Viti 2025 n\u00eb rishikim: Si e p\u00ebrmir\u00ebsuam pun\u00ebn tuaj - Blogu Atena","isPartOf":{"@id":"https:\/\/atena.sk\/blog\/sq\/#website"},"primaryImageOfPage":{"@id":"https:\/\/atena.sk\/blog\/sq\/viti-2025-ne-rishikim-si-e-permiresuam-punen-tuaj\/#primaryimage"},"image":{"@id":"https:\/\/atena.sk\/blog\/sq\/viti-2025-ne-rishikim-si-e-permiresuam-punen-tuaj\/#primaryimage"},"thumbnailUrl":"https:\/\/atena.sk\/blog\/wp-content\/uploads\/2025\/12\/New-year.jpg","datePublished":"2025-12-30T13:40:31+00:00","dateModified":"2026-03-03T13:15:54+00:00","description":"Pikat kryesore t\u00eb vitit 2025 p\u00ebr kujdestar\u00ebt: paga m\u00eb t\u00eb larta, pun\u00ebsim m\u00eb i shpejt\u00eb, p\u00ebrfitime premium dhe p\u00ebrfitime t\u00eb orientuara drejt familjes.","breadcrumb":{"@id":"https:\/\/atena.sk\/blog\/sq\/viti-2025-ne-rishikim-si-e-permiresuam-punen-tuaj\/#breadcrumb"},"inLanguage":"sq","potentialAction":[{"@type":"ReadAction","target":["https:\/\/atena.sk\/blog\/sq\/viti-2025-ne-rishikim-si-e-permiresuam-punen-tuaj\/"]}]},{"@type":"ImageObject","inLanguage":"sq","@id":"https:\/\/atena.sk\/blog\/sq\/viti-2025-ne-rishikim-si-e-permiresuam-punen-tuaj\/#primaryimage","url":"https:\/\/atena.sk\/blog\/wp-content\/uploads\/2025\/12\/New-year.jpg","contentUrl":"https:\/\/atena.sk\/blog\/wp-content\/uploads\/2025\/12\/New-year.jpg","width":1920,"height":1080,"caption":"Atena 2025"},{"@type":"BreadcrumbList","@id":"https:\/\/atena.sk\/blog\/sq\/viti-2025-ne-rishikim-si-e-permiresuam-punen-tuaj\/#breadcrumb","itemListElement":[{"@type":"ListItem","position":1,"name":"Home","item":"https:\/\/atena.sk\/blog\/sq\/zgjidhni-seksionin-e-blogjeve\/"},{"@type":"ListItem","position":2,"name":"Viti 2025 n\u00eb rishikim: Si e p\u00ebrmir\u00ebsuam pun\u00ebn tuaj"}]},{"@type":"WebSite","@id":"https:\/\/atena.sk\/blog\/sq\/#website","url":"https:\/\/atena.sk\/blog\/sq\/","name":"Blogu Atena","description":"Blog spolo\u010dnosti atena","publisher":{"@id":"https:\/\/atena.sk\/blog\/sq\/#organization"},"potentialAction":[{"@type":"SearchAction","target":{"@type":"EntryPoint","urlTemplate":"https:\/\/atena.sk\/blog\/sq\/?s={search_term_string}"},"query-input":"required name=search_term_string"}],"inLanguage":"sq"},{"@type":"Organization","@id":"https:\/\/atena.sk\/blog\/sq\/#organization","name":"ATENA","url":"https:\/\/atena.sk\/blog\/sq\/","logo":{"@type":"ImageObject","inLanguage":"sq","@id":"https:\/\/atena.sk\/blog\/sq\/#\/schema\/logo\/image\/","url":"https:\/\/atena.sk\/blog\/wp-content\/uploads\/2022\/08\/logo.png","contentUrl":"https:\/\/atena.sk\/blog\/wp-content\/uploads\/2022\/08\/logo.png","width":3543,"height":3543,"caption":"ATENA"},"image":{"@id":"https:\/\/atena.sk\/blog\/sq\/#\/schema\/logo\/image\/"}},{"@type":"Person","@id":"https:\/\/atena.sk\/blog\/sq\/#\/schema\/person\/0ae6c6390563d6555f91b0db4767e168","name":"Marin Nedelev","image":{"@type":"ImageObject","inLanguage":"sq","@id":"https:\/\/atena.sk\/blog\/sq\/#\/schema\/person\/image\/","url":"https:\/\/secure.gravatar.com\/avatar\/c7908085eb1039e4706a94fc58b04d66?s=96&d=mm&r=g","contentUrl":"https:\/\/secure.gravatar.com\/avatar\/c7908085eb1039e4706a94fc58b04d66?s=96&d=mm&r=g","caption":"Marin Nedelev"},"url":"https:\/\/atena.sk\/blog\/sq\/author\/marin-nedelev\/"}]}},"_links":{"self":[{"href":"https:\/\/atena.sk\/blog\/sq\/wp-json\/wp\/v2\/posts\/371117"}],"collection":[{"href":"https:\/\/atena.sk\/blog\/sq\/wp-json\/wp\/v2\/posts"}],"about":[{"href":"https:\/\/atena.sk\/blog\/sq\/wp-json\/wp\/v2\/types\/post"}],"author":[{"embeddable":true,"href":"https:\/\/atena.sk\/blog\/sq\/wp-json\/wp\/v2\/users\/20"}],"replies":[{"embeddable":true,"href":"https:\/\/atena.sk\/blog\/sq\/wp-json\/wp\/v2\/comments?post=371117"}],"version-history":[{"count":3,"href":"https:\/\/atena.sk\/blog\/sq\/wp-json\/wp\/v2\/posts\/371117\/revisions"}],"predecessor-version":[{"id":378652,"href":"https:\/\/atena.sk\/blog\/sq\/wp-json\/wp\/v2\/posts\/371117\/revisions\/378652"}],"wp:featuredmedia":[{"embeddable":true,"href":"https:\/\/atena.sk\/blog\/sq\/wp-json\/wp\/v2\/media\/371054"}],"wp:attachment":[{"href":"https:\/\/atena.sk\/blog\/sq\/wp-json\/wp\/v2\/media?parent=371117"}],"wp:term":[{"taxonomy":"category","embeddable":true,"href":"https:\/\/atena.sk\/blog\/sq\/wp-json\/wp\/v2\/categories?post=371117"},{"taxonomy":"post_tag","embeddable":true,"href":"https:\/\/atena.sk\/blog\/sq\/wp-json\/wp\/v2\/tags?post=371117"}],"curies":[{"name":"wp","href":"https:\/\/api.w.org\/{rel}","templated":true}]}}