{"id":382510,"date":"2026-04-29T17:00:32","date_gmt":"2026-04-29T15:00:32","guid":{"rendered":"https:\/\/atena.sk\/blog\/kuptimi-i-dites-se-punes\/"},"modified":"2026-04-29T17:01:09","modified_gmt":"2026-04-29T15:01:09","slug":"kuptimi-i-dites-se-punes","status":"publish","type":"post","link":"https:\/\/atena.sk\/blog\/sq\/kuptimi-i-dites-se-punes\/","title":{"rendered":"Kuptimi i Dit\u00ebs s\u00eb Pun\u00ebs"},"content":{"rendered":"\n<p>1 Maji \u00ebsht\u00eb nj\u00eb dat\u00eb shum\u00eb e ve\u00e7ant\u00eb n\u00eb kalendar. Njer\u00ebzit n\u00eb t\u00eb gjith\u00eb bot\u00ebn festojn\u00eb Dit\u00ebn e Pun\u00ebs n\u00eb k\u00ebt\u00eb dit\u00eb. \u00cbsht\u00eb nj\u00eb koh\u00eb e mrekullueshme p\u00ebr t\u00eb nderuar pun\u00ebtor\u00ebt dhe pun\u00ebn e tyre t\u00eb palodhur. Shum\u00eb vende anemban\u00eb bot\u00ebs e kan\u00eb b\u00ebr\u00eb k\u00ebt\u00eb dit\u00eb nj\u00eb fest\u00eb zyrtare komb\u00ebtare. Familjet kalojn\u00eb koh\u00eb cil\u00ebsore s\u00eb bashku, miqt\u00eb e ngusht\u00eb mblidhen p\u00ebr piknik\u00eb dhe njer\u00ebzit pun\u00ebtor\u00eb g\u00ebzojn\u00eb nj\u00eb pushim t\u00eb merituar. Por Dita e Pun\u00ebs \u00ebsht\u00eb shum\u00eb m\u00eb tep\u00ebr sesa thjesht nj\u00eb dit\u00eb pushimi nga puna. Ajo ka nj\u00eb histori t\u00eb pasur q\u00eb e ka transformuar plot\u00ebsisht vendin modern t\u00eb pun\u00ebs. Na kujton luft\u00ebn e v\u00ebshtir\u00eb p\u00ebr dinjitetin njer\u00ebzor n\u00eb pun\u00eb. \u00c7do person meriton qart\u00eb nj\u00eb mjedis t\u00eb sigurt dhe kompensim t\u00eb drejt\u00eb p\u00ebr p\u00ebrpjekjet e tij.        <\/p>\n\n<!--more-->\n\n<h2 class=\"wp-block-heading\">Origjina e v\u00ebrtet\u00eb e Dit\u00ebs s\u00eb Majit<\/h2>\n\n<p>Historia e v\u00ebrtet\u00eb e Dit\u00ebs s\u00eb Pun\u00ebs fillon n\u00eb Shtetet e Bashkuara. N\u00eb maj t\u00eb vitit 1886, pun\u00ebtor\u00eb t\u00eb guximsh\u00ebm n\u00eb qytetin e \u00c7ikagos organizuan nj\u00eb grev\u00eb masive publike. Ata k\u00ebrkuan nj\u00eb dit\u00eb pune tet\u00eb-or\u00ebshe t\u00eb drejt\u00eb p\u00ebr t\u00eb gjith\u00eb njer\u00ebzit. N\u00eb at\u00eb koh\u00eb, njer\u00ebzit e zakonsh\u00ebm punonin me or\u00eb shum\u00eb t\u00eb gjata n\u00eb kushte krejt\u00ebsisht t\u00eb pasigurta. Pun\u00ebdh\u00ebn\u00ebsit shpesh i detyronin punonj\u00ebsit e tyre t\u00eb punonin gjasht\u00ebmb\u00ebdhjet\u00eb or\u00eb n\u00eb dit\u00eb pabesuesh\u00ebm. Pun\u00ebtor\u00ebt kishin shum\u00eb pak koh\u00eb t\u00eb lir\u00eb p\u00ebr pushim ose familje. Protestat e \u00c7ikagos p\u00ebrfundimisht nxit\u00ebn nj\u00eb l\u00ebvizje t\u00eb madhe shoq\u00ebrore. Njer\u00ebzit shpejt e kuptuan nevoj\u00ebn e fort\u00eb p\u00ebr t\u00eb q\u00ebndruar s\u00eb bashku. S\u00eb bashku, ata filluan t\u00eb k\u00ebrkonin trajtim m\u00eb t\u00eb mir\u00eb dhe rregulla t\u00eb drejta pune. Ata treguan guxim t\u00eb jasht\u00ebzakonsh\u00ebm personal kund\u00ebr shefave t\u00eb padrejt\u00eb.         <\/p>\n\n<h2 class=\"wp-block-heading\">P\u00ebrhapja globale e t\u00eb drejtave t\u00eb punonj\u00ebsve<\/h2>\n\n<p>Disa vjet pas k\u00ebtyre ngjarjeve historike, udh\u00ebheq\u00ebsit nd\u00ebrkomb\u00ebtar\u00eb n\u00eb Evrop\u00eb vendos\u00ebn t\u00eb nderonin pun\u00ebtor\u00ebt e guximsh\u00ebm amerikan\u00eb. Ata zyrtarisht e shpall\u00ebn 1 Majin si Dit\u00ebn Nd\u00ebrkomb\u00ebtare t\u00eb Pun\u00ebtor\u00ebve. Kjo fest\u00eb e r\u00ebnd\u00ebsishme globale \u00ebsht\u00eb b\u00ebr\u00eb gjithnj\u00eb e m\u00eb popullore q\u00eb at\u00ebher\u00eb. Ajo \u00ebsht\u00eb b\u00ebr\u00eb shpejt nj\u00eb simbol i fuqish\u00ebm i unitetit t\u00eb pun\u00ebtor\u00ebve p\u00ebr njer\u00ebzit kudo. Pun\u00ebtor\u00ebt n\u00eb vende t\u00eb ndryshme filluan t\u00eb formojn\u00eb grupe p\u00ebr t\u00eb mbrojtur n\u00eb m\u00ebnyr\u00eb aktive interesat e tyre. Ata luftuan p\u00ebr paga minimale t\u00eb drejta, pushime fundjave dhe fabrika t\u00eb sigurta. Fal\u00eb p\u00ebrpjekjeve t\u00eb tyre t\u00eb jasht\u00ebzakonshme, ne g\u00ebzojm\u00eb shum\u00eb nga mbrojtjet e pun\u00ebs q\u00eb g\u00ebzojm\u00eb sot. Shpesh i marrim k\u00ebto komoditete moderne si t\u00eb mir\u00ebqena. Ne ua kemi borxh standardet tona moderne t\u00eb pun\u00ebs k\u00ebtyre pionier\u00ebve t\u00eb hersh\u00ebm heroik\u00eb.        <\/p>\n\n<h2 class=\"wp-block-heading\">Pse Dita e Pun\u00ebs \u00ebsht\u00eb ende e r\u00ebnd\u00ebsishme sot<\/h2>\n\n<p>Sot, Dita e Pun\u00ebs mbetet qart\u00eb nj\u00eb simbol historik shum\u00eb i fort\u00eb dhe i r\u00ebnd\u00ebsish\u00ebm. Ajo tregon shum\u00eb qart\u00eb r\u00ebnd\u00ebsin\u00eb e madhe t\u00eb pun\u00ebs s\u00eb drejt\u00eb dhe t\u00eb ndershme. Punonj\u00ebsit modern\u00eb ende k\u00ebrkojn\u00eb paga t\u00eb besueshme, siguri t\u00eb plot\u00eb ligjore dhe nj\u00eb ekuilib\u00ebr t\u00eb sh\u00ebndetsh\u00ebm midis pun\u00ebs dhe jet\u00ebs personale. Ata kan\u00eb nevoj\u00eb p\u00ebr nj\u00eb harmonizim t\u00eb qart\u00eb midis pun\u00ebs s\u00eb tyre t\u00eb p\u00ebrditshme dhe jet\u00ebs s\u00eb tyre normale personale. Bota po ndryshon vazhdimisht me shpejt\u00ebsi, por nevoja themelore njer\u00ebzore p\u00ebr respekt nuk zhduket kurr\u00eb. Fatkeq\u00ebsisht, shum\u00eb njer\u00ebz ende p\u00ebrballen me kushte t\u00eb padrejta pune ose paga t\u00eb ul\u00ebta. Dita e Pun\u00ebs na kujton t\u00eb vler\u00ebsojm\u00eb gjithmon\u00eb aft\u00ebsit\u00eb tona. Na inkurajon t\u00eb k\u00ebrkojm\u00eb mund\u00ebsi m\u00eb t\u00eb mira karriere. \u00c7do pun\u00ebtor meriton plot\u00ebsisht nj\u00eb vend pune modern p\u00ebr mir\u00ebqenien e tyre fizike dhe mendore.        <\/p>\n\n<h2 class=\"wp-block-heading\"><a href=\"https:\/\/atena.org\">Gjej pun\u00ebn t\u00ebnde t\u00eb p\u00ebrsosur me Atena<\/a><\/h2>\n\n<p>N\u00eb <a href=\"https:\/\/atena.org\">Atena,<\/a> ne besojm\u00eb v\u00ebrtet se \u00e7do pun\u00ebtor i palodhur meriton nj\u00eb pun\u00eb fantastike dhe nj\u00eb jet\u00eb t\u00eb sigurt. Ne ndihmojm\u00eb profesionalisht profesionist\u00eb t\u00eb p\u00ebrkushtuar t\u00eb kujdesit sh\u00ebndet\u00ebsor, kujdestar\u00eb me p\u00ebrvoj\u00eb dhe pun\u00ebtor\u00eb manual\u00eb t\u00eb kualifikuar. Ne u gjejm\u00eb me sukses atyre mund\u00ebsi t\u00eb shk\u00eblqyera pune n\u00eb Evrop\u00ebn Per\u00ebndimore. Ne kemi nj\u00eb fokus afatgjat\u00eb n\u00eb vendet e zhvilluara si Gjermania, Austria dhe Holanda moderne. Ne kurr\u00eb nuk ju ngarkojm\u00eb tarifa t\u00eb fshehura p\u00ebr sh\u00ebrbimet tona cil\u00ebsore. Me ne, ju gjithmon\u00eb do t\u00eb merrni nj\u00eb kontrat\u00eb pune plot\u00ebsisht ligjore shpejt, paga t\u00eb shk\u00eblqyera dhe mb\u00ebshtetje profesionale. Ne organizojm\u00eb me kujdes logjistik\u00ebn e udh\u00ebtimit p\u00ebr ju. Ne mbetemi &#8220;miku juaj i besuesh\u00ebm n\u00eb telefon&#8221; 24 or\u00eb n\u00eb dit\u00eb. Mos hezitoni t\u00eb kontaktoni menj\u00ebher\u00eb Aten\u00ebn. Nd\u00ebrtoni nj\u00eb t\u00eb ardhme m\u00eb t\u00eb mir\u00eb dhe fitoni respekt.         <\/p>\n\n<p><\/p>\n","protected":false},"excerpt":{"rendered":"<p>Dita e 1 Majit \u00ebsht\u00eb nj\u00eb fest\u00eb e r\u00ebnd\u00ebsishme globale q\u00eb feston luft\u00ebn e gjat\u00eb dhe historike p\u00ebr kushte t\u00eb drejta pune dhe dinjitet themelor njer\u00ebzor. Artikulli yn\u00eb i ri hedh nj\u00eb v\u00ebshtrim m\u00eb t\u00eb af\u00ebrt mbi origjin\u00ebn e fuqishme dhe frym\u00ebzuese t\u00eb fest\u00ebs me pun\u00ebtor\u00eb t\u00eb guximsh\u00ebm n\u00eb \u00c7ikago. Ne gjithashtu shpjegojm\u00eb qart\u00eb r\u00ebnd\u00ebsin\u00eb e k\u00ebtyre t\u00eb drejtave themelore kur nd\u00ebrtojm\u00eb nj\u00eb karrier\u00eb t\u00eb suksesshme n\u00eb nj\u00eb vend krejt\u00ebsisht t\u00eb ri. Lexoni artikullin ton\u00eb t\u00eb plot\u00eb p\u00ebr t\u00eb m\u00ebsuar se si kontratat e duhura mund ta maksimizojn\u00eb t\u00eb ardhmen tuaj jasht\u00eb vendit.   <\/p>\n","protected":false},"author":20,"featured_media":382479,"comment_status":"closed","ping_status":"open","sticky":false,"template":"","format":"standard","meta":{"footnotes":""},"categories":[439,454],"tags":[],"acf":{"facebookpost":"\ud83c\udf1f G\u00ebzuar Dit\u00ebn e Pun\u00ebs! A e dini historin\u00eb e v\u00ebrtet\u00eb q\u00eb fshihet pas k\u00ebsaj feste t\u00eb r\u00ebnd\u00ebsishme historike? Artikulli yn\u00eb i fundit thellohet n\u00eb historin\u00eb e pasur t\u00eb 1 Majit dhe shpjegon r\u00ebnd\u00ebsin\u00eb aktuale t\u00eb t\u00eb drejtave t\u00eb punonj\u00ebsve. \ud83d\udcbc\u2708\ufe0f Lexoni postimin e plot\u00eb p\u00ebr t\u00eb zbuluar se si mund t\u00eb gjeni nj\u00eb pun\u00eb jasht\u00eb vendit n\u00eb m\u00ebnyr\u00eb t\u00eb sigurt! \ud83d\udc47","popis_socialneho_obrazku":"Historia e Dit\u00ebs s\u00eb Pun\u00ebs"},"yoast_head":"<!-- This site is optimized with the Yoast SEO plugin v22.6 - https:\/\/yoast.com\/wordpress\/plugins\/seo\/ -->\n<title>Kuptimi i Dit\u00ebs s\u00eb Pun\u00ebs - Blogu Atena<\/title>\n<meta name=\"description\" content=\"Zbuloni origjin\u00ebn e v\u00ebrtet\u00eb t\u00eb Dit\u00ebs s\u00eb Pun\u00ebs dhe zbuloni pse t\u00eb drejtat e drejta t\u00eb pun\u00ebtor\u00ebve jan\u00eb ende t\u00eb r\u00ebnd\u00ebsishme. Gjeni nj\u00eb pun\u00eb t\u00eb sigurt jasht\u00eb vendit.\" \/>\n<meta name=\"robots\" content=\"index, follow, max-snippet:-1, max-image-preview:large, max-video-preview:-1\" \/>\n<link rel=\"canonical\" href=\"https:\/\/atena.sk\/blog\/sq\/kuptimi-i-dites-se-punes\/\" \/>\n<meta property=\"og:locale\" content=\"sq_AL\" \/>\n<meta property=\"og:type\" content=\"article\" \/>\n<meta property=\"og:title\" content=\"Kuptimi i Dit\u00ebs s\u00eb Pun\u00ebs - Blogu Atena\" \/>\n<meta property=\"og:description\" content=\"Dita e Pun\u00ebs sh\u00ebrben si nj\u00eb kujtes\u00eb ve\u00e7an\u00ebrisht e fuqishme e nevoj\u00ebs p\u00ebr siguri, respekt t\u00eb thell\u00eb dhe pag\u00eb t\u00eb drejt\u00eb p\u00ebr \u00e7do pun\u00ebtor. Ky postim i ri n\u00eb blog thellohet n\u00eb historin\u00eb e pasur t\u00eb 1 Majit dhe ndikimin e saj t\u00eb q\u00ebndruesh\u00ebm n\u00eb pun\u00ebsimin modern. Ai thekson drejtp\u00ebrdrejt r\u00ebnd\u00ebsin\u00eb e jasht\u00ebzakonshme t\u00eb sigurimit t\u00eb marr\u00ebveshjeve ligj\u00ebrisht t\u00eb detyrueshme p\u00ebrpara se t\u00eb niseni p\u00ebr t\u00eb punuar n\u00eb nj\u00eb vend t\u00eb huaj. Zbuloni nj\u00eb m\u00ebnyr\u00eb t\u00eb shpejt\u00eb p\u00ebr t\u00eb siguruar nj\u00eb tranzicion t\u00eb qet\u00eb dhe plot\u00ebsisht t\u00eb sigurt jasht\u00eb vendit me mb\u00ebshtetjen e duhur profesionale.\" \/>\n<meta property=\"og:url\" content=\"https:\/\/atena.sk\/blog\/sq\/kuptimi-i-dites-se-punes\/\" \/>\n<meta property=\"og:site_name\" content=\"Blogu Atena\" \/>\n<meta property=\"article:published_time\" content=\"2026-04-29T15:00:32+00:00\" \/>\n<meta property=\"article:modified_time\" content=\"2026-04-29T15:01:09+00:00\" \/>\n<meta property=\"og:image\" content=\"https:\/\/atena.sk\/blog\/wp-content\/uploads\/2026\/04\/AdobeStock_281549501-1024x576.jpg\" \/>\n<meta name=\"author\" content=\"Marin Nedelev\" \/>\n<meta name=\"twitter:label1\" content=\"Written by\" \/>\n\t<meta name=\"twitter:data1\" content=\"Marin Nedelev\" \/>\n\t<meta name=\"twitter:label2\" content=\"Est. reading time\" \/>\n\t<meta name=\"twitter:data2\" content=\"4 minutes\" \/>\n<script type=\"application\/ld+json\" class=\"yoast-schema-graph\">{\"@context\":\"https:\/\/schema.org\",\"@graph\":[{\"@type\":\"NewsArticle\",\"@id\":\"https:\/\/atena.sk\/blog\/sq\/kuptimi-i-dites-se-punes\/#article\",\"isPartOf\":{\"@id\":\"https:\/\/atena.sk\/blog\/sq\/kuptimi-i-dites-se-punes\/\"},\"author\":{\"name\":\"Marin Nedelev\",\"@id\":\"https:\/\/atena.sk\/blog\/sq\/#\/schema\/person\/0ae6c6390563d6555f91b0db4767e168\"},\"headline\":\"Kuptimi i Dit\u00ebs s\u00eb Pun\u00ebs\",\"datePublished\":\"2026-04-29T15:00:32+00:00\",\"dateModified\":\"2026-04-29T15:01:09+00:00\",\"mainEntityOfPage\":{\"@id\":\"https:\/\/atena.sk\/blog\/sq\/kuptimi-i-dites-se-punes\/\"},\"wordCount\":853,\"publisher\":{\"@id\":\"https:\/\/atena.sk\/blog\/sq\/#organization\"},\"image\":{\"@id\":\"https:\/\/atena.sk\/blog\/sq\/kuptimi-i-dites-se-punes\/#primaryimage\"},\"thumbnailUrl\":\"https:\/\/atena.sk\/blog\/wp-content\/uploads\/2026\/04\/AdobeStock_281549501-scaled.jpg\",\"articleSection\":[\"Klient\u00ebt\",\"Kompanit\u00eb\"],\"inLanguage\":\"sq\"},{\"@type\":[\"WebPage\",\"ItemPage\"],\"@id\":\"https:\/\/atena.sk\/blog\/sq\/kuptimi-i-dites-se-punes\/\",\"url\":\"https:\/\/atena.sk\/blog\/sq\/kuptimi-i-dites-se-punes\/\",\"name\":\"Kuptimi i Dit\u00ebs s\u00eb Pun\u00ebs - Blogu Atena\",\"isPartOf\":{\"@id\":\"https:\/\/atena.sk\/blog\/sq\/#website\"},\"primaryImageOfPage\":{\"@id\":\"https:\/\/atena.sk\/blog\/sq\/kuptimi-i-dites-se-punes\/#primaryimage\"},\"image\":{\"@id\":\"https:\/\/atena.sk\/blog\/sq\/kuptimi-i-dites-se-punes\/#primaryimage\"},\"thumbnailUrl\":\"https:\/\/atena.sk\/blog\/wp-content\/uploads\/2026\/04\/AdobeStock_281549501-scaled.jpg\",\"datePublished\":\"2026-04-29T15:00:32+00:00\",\"dateModified\":\"2026-04-29T15:01:09+00:00\",\"description\":\"Zbuloni origjin\u00ebn e v\u00ebrtet\u00eb t\u00eb Dit\u00ebs s\u00eb Pun\u00ebs dhe zbuloni pse t\u00eb drejtat e drejta t\u00eb pun\u00ebtor\u00ebve jan\u00eb ende t\u00eb r\u00ebnd\u00ebsishme. Gjeni nj\u00eb pun\u00eb t\u00eb sigurt jasht\u00eb vendit.\",\"breadcrumb\":{\"@id\":\"https:\/\/atena.sk\/blog\/sq\/kuptimi-i-dites-se-punes\/#breadcrumb\"},\"inLanguage\":\"sq\",\"potentialAction\":[{\"@type\":\"ReadAction\",\"target\":[\"https:\/\/atena.sk\/blog\/sq\/kuptimi-i-dites-se-punes\/\"]}]},{\"@type\":\"ImageObject\",\"inLanguage\":\"sq\",\"@id\":\"https:\/\/atena.sk\/blog\/sq\/kuptimi-i-dites-se-punes\/#primaryimage\",\"url\":\"https:\/\/atena.sk\/blog\/wp-content\/uploads\/2026\/04\/AdobeStock_281549501-scaled.jpg\",\"contentUrl\":\"https:\/\/atena.sk\/blog\/wp-content\/uploads\/2026\/04\/AdobeStock_281549501-scaled.jpg\",\"width\":2780,\"height\":1564,\"caption\":\"sviatok pr\u00e1ce\"},{\"@type\":\"BreadcrumbList\",\"@id\":\"https:\/\/atena.sk\/blog\/sq\/kuptimi-i-dites-se-punes\/#breadcrumb\",\"itemListElement\":[{\"@type\":\"ListItem\",\"position\":1,\"name\":\"Home\",\"item\":\"https:\/\/atena.sk\/blog\/sq\/zgjidhni-seksionin-e-blogjeve\/\"},{\"@type\":\"ListItem\",\"position\":2,\"name\":\"Kuptimi i Dit\u00ebs s\u00eb Pun\u00ebs\"}]},{\"@type\":\"WebSite\",\"@id\":\"https:\/\/atena.sk\/blog\/sq\/#website\",\"url\":\"https:\/\/atena.sk\/blog\/sq\/\",\"name\":\"Blogu Atena\",\"description\":\"Blog spolo\u010dnosti atena\",\"publisher\":{\"@id\":\"https:\/\/atena.sk\/blog\/sq\/#organization\"},\"potentialAction\":[{\"@type\":\"SearchAction\",\"target\":{\"@type\":\"EntryPoint\",\"urlTemplate\":\"https:\/\/atena.sk\/blog\/sq\/?s={search_term_string}\"},\"query-input\":\"required name=search_term_string\"}],\"inLanguage\":\"sq\"},{\"@type\":\"Organization\",\"@id\":\"https:\/\/atena.sk\/blog\/sq\/#organization\",\"name\":\"ATENA\",\"url\":\"https:\/\/atena.sk\/blog\/sq\/\",\"logo\":{\"@type\":\"ImageObject\",\"inLanguage\":\"sq\",\"@id\":\"https:\/\/atena.sk\/blog\/sq\/#\/schema\/logo\/image\/\",\"url\":\"https:\/\/atena.sk\/blog\/wp-content\/uploads\/2022\/08\/logo.png\",\"contentUrl\":\"https:\/\/atena.sk\/blog\/wp-content\/uploads\/2022\/08\/logo.png\",\"width\":3543,\"height\":3543,\"caption\":\"ATENA\"},\"image\":{\"@id\":\"https:\/\/atena.sk\/blog\/sq\/#\/schema\/logo\/image\/\"}},{\"@type\":\"Person\",\"@id\":\"https:\/\/atena.sk\/blog\/sq\/#\/schema\/person\/0ae6c6390563d6555f91b0db4767e168\",\"name\":\"Marin Nedelev\",\"image\":{\"@type\":\"ImageObject\",\"inLanguage\":\"sq\",\"@id\":\"https:\/\/atena.sk\/blog\/sq\/#\/schema\/person\/image\/\",\"url\":\"https:\/\/secure.gravatar.com\/avatar\/c7908085eb1039e4706a94fc58b04d66?s=96&d=mm&r=g\",\"contentUrl\":\"https:\/\/secure.gravatar.com\/avatar\/c7908085eb1039e4706a94fc58b04d66?s=96&d=mm&r=g\",\"caption\":\"Marin Nedelev\"},\"url\":\"https:\/\/atena.sk\/blog\/sq\/author\/marin-nedelev\/\"}]}<\/script>\n<!-- \/ Yoast SEO plugin. -->","yoast_head_json":{"title":"Kuptimi i Dit\u00ebs s\u00eb Pun\u00ebs - Blogu Atena","description":"Zbuloni origjin\u00ebn e v\u00ebrtet\u00eb t\u00eb Dit\u00ebs s\u00eb Pun\u00ebs dhe zbuloni pse t\u00eb drejtat e drejta t\u00eb pun\u00ebtor\u00ebve jan\u00eb ende t\u00eb r\u00ebnd\u00ebsishme. Gjeni nj\u00eb pun\u00eb t\u00eb sigurt jasht\u00eb vendit.","robots":{"index":"index","follow":"follow","max-snippet":"max-snippet:-1","max-image-preview":"max-image-preview:large","max-video-preview":"max-video-preview:-1"},"canonical":"https:\/\/atena.sk\/blog\/sq\/kuptimi-i-dites-se-punes\/","og_locale":"sq_AL","og_type":"article","og_title":"Kuptimi i Dit\u00ebs s\u00eb Pun\u00ebs - Blogu Atena","og_description":"Dita e Pun\u00ebs sh\u00ebrben si nj\u00eb kujtes\u00eb ve\u00e7an\u00ebrisht e fuqishme e nevoj\u00ebs p\u00ebr siguri, respekt t\u00eb thell\u00eb dhe pag\u00eb t\u00eb drejt\u00eb p\u00ebr \u00e7do pun\u00ebtor. Ky postim i ri n\u00eb blog thellohet n\u00eb historin\u00eb e pasur t\u00eb 1 Majit dhe ndikimin e saj t\u00eb q\u00ebndruesh\u00ebm n\u00eb pun\u00ebsimin modern. Ai thekson drejtp\u00ebrdrejt r\u00ebnd\u00ebsin\u00eb e jasht\u00ebzakonshme t\u00eb sigurimit t\u00eb marr\u00ebveshjeve ligj\u00ebrisht t\u00eb detyrueshme p\u00ebrpara se t\u00eb niseni p\u00ebr t\u00eb punuar n\u00eb nj\u00eb vend t\u00eb huaj. Zbuloni nj\u00eb m\u00ebnyr\u00eb t\u00eb shpejt\u00eb p\u00ebr t\u00eb siguruar nj\u00eb tranzicion t\u00eb qet\u00eb dhe plot\u00ebsisht t\u00eb sigurt jasht\u00eb vendit me mb\u00ebshtetjen e duhur profesionale.","og_url":"https:\/\/atena.sk\/blog\/sq\/kuptimi-i-dites-se-punes\/","og_site_name":"Blogu Atena","article_published_time":"2026-04-29T15:00:32+00:00","article_modified_time":"2026-04-29T15:01:09+00:00","og_image":[{"url":"https:\/\/atena.sk\/blog\/wp-content\/uploads\/2026\/04\/AdobeStock_281549501-1024x576.jpg"}],"author":"Marin Nedelev","twitter_misc":{"Written by":"Marin Nedelev","Est. reading time":"4 minutes"},"schema":{"@context":"https:\/\/schema.org","@graph":[{"@type":"NewsArticle","@id":"https:\/\/atena.sk\/blog\/sq\/kuptimi-i-dites-se-punes\/#article","isPartOf":{"@id":"https:\/\/atena.sk\/blog\/sq\/kuptimi-i-dites-se-punes\/"},"author":{"name":"Marin Nedelev","@id":"https:\/\/atena.sk\/blog\/sq\/#\/schema\/person\/0ae6c6390563d6555f91b0db4767e168"},"headline":"Kuptimi i Dit\u00ebs s\u00eb Pun\u00ebs","datePublished":"2026-04-29T15:00:32+00:00","dateModified":"2026-04-29T15:01:09+00:00","mainEntityOfPage":{"@id":"https:\/\/atena.sk\/blog\/sq\/kuptimi-i-dites-se-punes\/"},"wordCount":853,"publisher":{"@id":"https:\/\/atena.sk\/blog\/sq\/#organization"},"image":{"@id":"https:\/\/atena.sk\/blog\/sq\/kuptimi-i-dites-se-punes\/#primaryimage"},"thumbnailUrl":"https:\/\/atena.sk\/blog\/wp-content\/uploads\/2026\/04\/AdobeStock_281549501-scaled.jpg","articleSection":["Klient\u00ebt","Kompanit\u00eb"],"inLanguage":"sq"},{"@type":["WebPage","ItemPage"],"@id":"https:\/\/atena.sk\/blog\/sq\/kuptimi-i-dites-se-punes\/","url":"https:\/\/atena.sk\/blog\/sq\/kuptimi-i-dites-se-punes\/","name":"Kuptimi i Dit\u00ebs s\u00eb Pun\u00ebs - Blogu Atena","isPartOf":{"@id":"https:\/\/atena.sk\/blog\/sq\/#website"},"primaryImageOfPage":{"@id":"https:\/\/atena.sk\/blog\/sq\/kuptimi-i-dites-se-punes\/#primaryimage"},"image":{"@id":"https:\/\/atena.sk\/blog\/sq\/kuptimi-i-dites-se-punes\/#primaryimage"},"thumbnailUrl":"https:\/\/atena.sk\/blog\/wp-content\/uploads\/2026\/04\/AdobeStock_281549501-scaled.jpg","datePublished":"2026-04-29T15:00:32+00:00","dateModified":"2026-04-29T15:01:09+00:00","description":"Zbuloni origjin\u00ebn e v\u00ebrtet\u00eb t\u00eb Dit\u00ebs s\u00eb Pun\u00ebs dhe zbuloni pse t\u00eb drejtat e drejta t\u00eb pun\u00ebtor\u00ebve jan\u00eb ende t\u00eb r\u00ebnd\u00ebsishme. Gjeni nj\u00eb pun\u00eb t\u00eb sigurt jasht\u00eb vendit.","breadcrumb":{"@id":"https:\/\/atena.sk\/blog\/sq\/kuptimi-i-dites-se-punes\/#breadcrumb"},"inLanguage":"sq","potentialAction":[{"@type":"ReadAction","target":["https:\/\/atena.sk\/blog\/sq\/kuptimi-i-dites-se-punes\/"]}]},{"@type":"ImageObject","inLanguage":"sq","@id":"https:\/\/atena.sk\/blog\/sq\/kuptimi-i-dites-se-punes\/#primaryimage","url":"https:\/\/atena.sk\/blog\/wp-content\/uploads\/2026\/04\/AdobeStock_281549501-scaled.jpg","contentUrl":"https:\/\/atena.sk\/blog\/wp-content\/uploads\/2026\/04\/AdobeStock_281549501-scaled.jpg","width":2780,"height":1564,"caption":"sviatok pr\u00e1ce"},{"@type":"BreadcrumbList","@id":"https:\/\/atena.sk\/blog\/sq\/kuptimi-i-dites-se-punes\/#breadcrumb","itemListElement":[{"@type":"ListItem","position":1,"name":"Home","item":"https:\/\/atena.sk\/blog\/sq\/zgjidhni-seksionin-e-blogjeve\/"},{"@type":"ListItem","position":2,"name":"Kuptimi i Dit\u00ebs s\u00eb Pun\u00ebs"}]},{"@type":"WebSite","@id":"https:\/\/atena.sk\/blog\/sq\/#website","url":"https:\/\/atena.sk\/blog\/sq\/","name":"Blogu Atena","description":"Blog spolo\u010dnosti atena","publisher":{"@id":"https:\/\/atena.sk\/blog\/sq\/#organization"},"potentialAction":[{"@type":"SearchAction","target":{"@type":"EntryPoint","urlTemplate":"https:\/\/atena.sk\/blog\/sq\/?s={search_term_string}"},"query-input":"required name=search_term_string"}],"inLanguage":"sq"},{"@type":"Organization","@id":"https:\/\/atena.sk\/blog\/sq\/#organization","name":"ATENA","url":"https:\/\/atena.sk\/blog\/sq\/","logo":{"@type":"ImageObject","inLanguage":"sq","@id":"https:\/\/atena.sk\/blog\/sq\/#\/schema\/logo\/image\/","url":"https:\/\/atena.sk\/blog\/wp-content\/uploads\/2022\/08\/logo.png","contentUrl":"https:\/\/atena.sk\/blog\/wp-content\/uploads\/2022\/08\/logo.png","width":3543,"height":3543,"caption":"ATENA"},"image":{"@id":"https:\/\/atena.sk\/blog\/sq\/#\/schema\/logo\/image\/"}},{"@type":"Person","@id":"https:\/\/atena.sk\/blog\/sq\/#\/schema\/person\/0ae6c6390563d6555f91b0db4767e168","name":"Marin Nedelev","image":{"@type":"ImageObject","inLanguage":"sq","@id":"https:\/\/atena.sk\/blog\/sq\/#\/schema\/person\/image\/","url":"https:\/\/secure.gravatar.com\/avatar\/c7908085eb1039e4706a94fc58b04d66?s=96&d=mm&r=g","contentUrl":"https:\/\/secure.gravatar.com\/avatar\/c7908085eb1039e4706a94fc58b04d66?s=96&d=mm&r=g","caption":"Marin Nedelev"},"url":"https:\/\/atena.sk\/blog\/sq\/author\/marin-nedelev\/"}]}},"_links":{"self":[{"href":"https:\/\/atena.sk\/blog\/sq\/wp-json\/wp\/v2\/posts\/382510"}],"collection":[{"href":"https:\/\/atena.sk\/blog\/sq\/wp-json\/wp\/v2\/posts"}],"about":[{"href":"https:\/\/atena.sk\/blog\/sq\/wp-json\/wp\/v2\/types\/post"}],"author":[{"embeddable":true,"href":"https:\/\/atena.sk\/blog\/sq\/wp-json\/wp\/v2\/users\/20"}],"replies":[{"embeddable":true,"href":"https:\/\/atena.sk\/blog\/sq\/wp-json\/wp\/v2\/comments?post=382510"}],"version-history":[{"count":1,"href":"https:\/\/atena.sk\/blog\/sq\/wp-json\/wp\/v2\/posts\/382510\/revisions"}],"predecessor-version":[{"id":382514,"href":"https:\/\/atena.sk\/blog\/sq\/wp-json\/wp\/v2\/posts\/382510\/revisions\/382514"}],"wp:featuredmedia":[{"embeddable":true,"href":"https:\/\/atena.sk\/blog\/sq\/wp-json\/wp\/v2\/media\/382479"}],"wp:attachment":[{"href":"https:\/\/atena.sk\/blog\/sq\/wp-json\/wp\/v2\/media?parent=382510"}],"wp:term":[{"taxonomy":"category","embeddable":true,"href":"https:\/\/atena.sk\/blog\/sq\/wp-json\/wp\/v2\/categories?post=382510"},{"taxonomy":"post_tag","embeddable":true,"href":"https:\/\/atena.sk\/blog\/sq\/wp-json\/wp\/v2\/tags?post=382510"}],"curies":[{"name":"wp","href":"https:\/\/api.w.org\/{rel}","templated":true}]}}