{"id":382530,"date":"2026-04-29T17:00:32","date_gmt":"2026-04-29T15:00:32","guid":{"rendered":"https:\/\/atena.sk\/blog\/betydelsen-av-arbetarnas-dag\/"},"modified":"2026-04-29T17:01:30","modified_gmt":"2026-04-29T15:01:30","slug":"betydelsen-av-arbetarnas-dag","status":"publish","type":"post","link":"https:\/\/atena.sk\/blog\/sv\/betydelsen-av-arbetarnas-dag\/","title":{"rendered":"Betydelsen av arbetarnas dag"},"content":{"rendered":"\n<p>Den f\u00f6rsta maj \u00e4r ett mycket speciellt datum i kalendern. M\u00e4nniskor \u00f6ver hela v\u00e4rlden firar Labor Day den h\u00e4r dagen. Det \u00e4r en underbar tid att hedra arbetare och deras h\u00e5rda arbete. M\u00e5nga l\u00e4nder runt om i v\u00e4rlden har gjort denna dag till en officiell allm\u00e4n helgdag. Familjer tillbringar kvalitetstid tillsammans, n\u00e4ra v\u00e4nner tr\u00e4ffas f\u00f6r picknick och h\u00e5rt arbetande m\u00e4nniskor njuter av lite v\u00e4lf\u00f6rtj\u00e4nt vila. Labor Day \u00e4r dock mycket mer \u00e4n bara en ledig dag fr\u00e5n jobbet. Den har en rik historia som helt har f\u00f6r\u00e4ndrat den moderna arbetsplatsen. Den p\u00e5minner oss om den h\u00e5rda kampen f\u00f6r m\u00e4nsklig v\u00e4rdighet p\u00e5 arbetsplatsen. Varje person f\u00f6rtj\u00e4nar helt klart en s\u00e4ker milj\u00f6 och en r\u00e4ttvis bel\u00f6ning f\u00f6r sina anstr\u00e4ngningar.        <\/p>\n\n<!--more-->\n\n<h2 class=\"wp-block-heading\">Det sanna ursprunget till den f\u00f6rsta maj<\/h2>\n\n<p>Den verkliga historien om Labor Day b\u00f6rjar i USA. I maj artonhundra\u00e5ttiosex organiserade modiga arbetare i staden Chicago en stor allm\u00e4n strejk. De kr\u00e4vde en r\u00e4ttvis \u00e5tta timmars arbetsdag f\u00f6r alla m\u00e4nniskor. Vid den h\u00e4r tiden arbetade vanliga m\u00e4nniskor mycket l\u00e5nga arbetsdagar under absolut farliga f\u00f6rh\u00e5llanden. Arbetsgivarna tvingade ofta sina anst\u00e4llda att arbeta hela sexton timmar om dagen. Arbetarna hade mycket lite fritid f\u00f6r att vila eller bilda familj. Protesterna i Chicago blev s\u00e5 sm\u00e5ningom startskottet f\u00f6r en enorm social r\u00f6relse. M\u00e4nniskor ins\u00e5g snabbt det starka behovet av att h\u00e5lla ihop. Tillsammans b\u00f6rjade de kr\u00e4va b\u00e4ttre behandling och r\u00e4ttvisa arbetsregler. De visade ett otroligt personligt mod mot or\u00e4ttvisa chefer.         <\/p>\n\n<h2 class=\"wp-block-heading\">Global spridning av arbetstagares r\u00e4ttigheter<\/h2>\n\n<p>N\u00e5gra \u00e5r efter dessa historiska h\u00e4ndelser best\u00e4mde sig internationella ledare i Europa f\u00f6r att hedra de modiga amerikanska arbetarna. De uts\u00e5g officiellt f\u00f6rsta maj till arbetarnas internationella kampdag. Denna viktiga globala h\u00f6gtid har sedan dess vuxit enormt i popularitet. Den har snabbt blivit en kraftfull symbol f\u00f6r arbetarnas enighet f\u00f6r m\u00e4nniskor \u00f6verallt. Arbetare i olika l\u00e4nder b\u00f6rjade gradvis bilda grupper f\u00f6r att aktivt f\u00f6rsvara sina intressen. De k\u00e4mpade f\u00f6r r\u00e4ttvisa minimil\u00f6ner, helguppeh\u00e5ll och s\u00e4kra fabriker. Tack vare deras enorma anstr\u00e4ngningar har vi i dag ett stort antal anst\u00e4llningsskydd. Dessa moderna bekv\u00e4mligheter tas ofta felaktigt f\u00f6r givna i dag. Vi har dessa heroiska pionj\u00e4rer att tacka f\u00f6r v\u00e5ra moderna arbetsnormer.        <\/p>\n\n<h2 class=\"wp-block-heading\">Varf\u00f6r arbetarnas dag \u00e4r viktig \u00e4n idag<\/h2>\n\n<p>I dag \u00e4r Labor Day fortfarande en mycket kraftfull och viktig historisk symbol. Den visar mycket tydligt den enorma betydelsen av r\u00e4ttvist och hederligt arbete. Dagens arbetstagare kr\u00e4ver fortfarande tillf\u00f6rlitliga l\u00f6ner, full r\u00e4ttss\u00e4kerhet och en sund balans i livet. De beh\u00f6ver en tydlig balans mellan det dagliga arbetet och det normala privatlivet. V\u00e4rlden f\u00f6r\u00e4ndras hela tiden i snabb takt, men det grundl\u00e4ggande m\u00e4nskliga behovet av respekt f\u00f6rsvinner aldrig. Tyv\u00e4rr har m\u00e5nga m\u00e4nniskor fortfarande or\u00e4ttvisa arbetsvillkor eller l\u00e5g l\u00f6n. Labour Day p\u00e5minner oss om att alltid respektera v\u00e5ra egna f\u00e4rdigheter. Den uppmuntrar oss att s\u00f6ka b\u00e4ttre karri\u00e4rm\u00f6jligheter. Varje arbetstagare f\u00f6rtj\u00e4nar en modern arbetsplats f\u00f6r sitt fysiska och psykiska v\u00e4lbefinnande.        <\/p>\n\n<h2 class=\"wp-block-heading\"><a href=\"https:\/\/atena.org\">Hitta ditt perfekta jobb med Atena<\/a><\/h2>\n\n<p>P\u00e5 <a href=\"https:\/\/atena.org\">Atena <\/a>tror vi verkligen att alla h\u00e5rt arbetande m\u00e4nniskor f\u00f6rtj\u00e4nar ett fantastiskt jobb och ett tryggt liv. Vi hj\u00e4lper engagerad medicinsk personal, erfarna v\u00e5rdgivare och skickliga manuella arbetare. Vi hittar framg\u00e5ngsrikt utm\u00e4rkta jobbm\u00f6jligheter f\u00f6r dem i V\u00e4steuropa. Vi har under l\u00e5ng tid fokuserat p\u00e5 utvecklade l\u00e4nder som Tyskland, \u00d6sterrike och det moderna Nederl\u00e4nderna. Vi tar aldrig ut n\u00e5gra dolda avgifter f\u00f6r v\u00e5ra kvalitetstj\u00e4nster. Hos oss f\u00e5r du alltid snabbt ett helt lagligt anst\u00e4llningsavtal, utm\u00e4rkta l\u00f6ner och professionellt st\u00f6d. Vi organiserar noggrant reselogistiken \u00e5t dig. Vi f\u00f6rblir st\u00e4ndigt din p\u00e5litliga &#8221;v\u00e4n p\u00e5 telefonen&#8221; tjugofyra timmar om dygnet. Tveka inte att kontakta Atena omedelbart. Bygg en b\u00e4ttre framtid och f\u00e5 respekt.         <\/p>\n\n<p><\/p>\n","protected":false},"excerpt":{"rendered":"<p>F\u00f6rsta maj \u00e4r en viktig global h\u00f6gtid som fokuserar p\u00e5 den l\u00e5nga historiska kampen f\u00f6r r\u00e4ttvisa arbetsvillkor och grundl\u00e4ggande m\u00e4nsklig v\u00e4rdighet. I v\u00e5r nya artikel utforskar vi i detalj den h\u00e4r h\u00f6gtidens kraftfulla och inspirerande ursprung med modiga arbetare i Chicago. Vi f\u00f6rklarar ocks\u00e5 tydligt hur viktiga dessa grundl\u00e4ggande r\u00e4ttigheter \u00e4r f\u00f6r att bygga upp en framg\u00e5ngsrik karri\u00e4r i ett helt nytt land. L\u00e4s hela v\u00e5rt inl\u00e4gg f\u00f6r att ta reda p\u00e5 hur r\u00e4tt avtal maximalt kan skydda din framtid utomlands.   <\/p>\n","protected":false},"author":20,"featured_media":382503,"comment_status":"closed","ping_status":"open","sticky":false,"template":"","format":"standard","meta":{"footnotes":""},"categories":[805,825],"tags":[],"acf":{"facebookpost":"\ud83c\udf1f Glad arbetsdag! K\u00e4nner du till den verkliga historien bakom denna viktiga historiska helgdag? V\u00e5r senaste artikel f\u00f6rdjupar sig i den rika historien om f\u00f6rsta maj och f\u00f6rklarar den nuvarande betydelsen av arbetstagarnas r\u00e4ttigheter. \ud83d\udcbc\u2708\ufe0f L\u00e4s hela inl\u00e4gget f\u00f6r att ta reda p\u00e5 hur du p\u00e5 ett s\u00e4kert s\u00e4tt kan hitta ett jobb utomlands! \ud83d\udc47","popis_socialneho_obrazku":"Arbetets dag i historien"},"yoast_head":"<!-- This site is optimized with the Yoast SEO plugin v22.6 - https:\/\/yoast.com\/wordpress\/plugins\/seo\/ -->\n<title>Betydelsen av arbetarnas dag - Atena blog<\/title>\n<meta name=\"description\" content=\"Uppt\u00e4ck det sanna ursprunget till Labor Day och ta reda p\u00e5 varf\u00f6r r\u00e4ttvisa arbetstagarr\u00e4ttigheter fortfarande \u00e4r viktiga. Arbeta s\u00e4kert utomlands.\" \/>\n<meta name=\"robots\" content=\"index, follow, max-snippet:-1, max-image-preview:large, max-video-preview:-1\" \/>\n<link rel=\"canonical\" href=\"https:\/\/atena.sk\/blog\/sv\/betydelsen-av-arbetarnas-dag\/\" \/>\n<meta property=\"og:locale\" content=\"sv_SE\" \/>\n<meta property=\"og:type\" content=\"article\" \/>\n<meta property=\"og:title\" content=\"Betydelsen av arbetarnas dag - Atena blog\" \/>\n<meta property=\"og:description\" content=\"Labor Day \u00e4r en s\u00e4rskilt kraftfull p\u00e5minnelse om behovet av trygghet, djup respekt och r\u00e4ttvis l\u00f6n f\u00f6r alla arbetstagare. I detta nya blogginl\u00e4gg f\u00f6rdjupar vi oss i f\u00f6rsta maj och dess best\u00e5ende inverkan p\u00e5 den moderna arbetsmarknaden. Det belyser direkt den enorma betydelsen av att s\u00e4kra juridiskt bindande avtal innan man \u00e5ker f\u00f6r att arbeta i ett fr\u00e4mmande land. Uppt\u00e4ck snabbt hur r\u00e4tt professionellt st\u00f6d kan s\u00e4kerst\u00e4lla en s\u00f6ml\u00f6s och helt s\u00e4ker \u00f6verg\u00e5ng till utlandet.\" \/>\n<meta property=\"og:url\" content=\"https:\/\/atena.sk\/blog\/sv\/betydelsen-av-arbetarnas-dag\/\" \/>\n<meta property=\"og:site_name\" content=\"Atena blog\" \/>\n<meta property=\"article:published_time\" content=\"2026-04-29T15:00:32+00:00\" \/>\n<meta property=\"article:modified_time\" content=\"2026-04-29T15:01:30+00:00\" \/>\n<meta property=\"og:image\" content=\"https:\/\/atena.sk\/blog\/wp-content\/uploads\/2026\/04\/AdobeStock_281549501-1024x576.jpg\" \/>\n<meta name=\"author\" content=\"Marin Nedelev\" \/>\n<meta name=\"twitter:label1\" content=\"Skriven av\" \/>\n\t<meta name=\"twitter:data1\" content=\"Marin Nedelev\" \/>\n\t<meta name=\"twitter:label2\" content=\"Ber\u00e4knad l\u00e4stid\" \/>\n\t<meta name=\"twitter:data2\" content=\"4 minuter\" \/>\n<script type=\"application\/ld+json\" class=\"yoast-schema-graph\">{\"@context\":\"https:\/\/schema.org\",\"@graph\":[{\"@type\":\"NewsArticle\",\"@id\":\"https:\/\/atena.sk\/blog\/sv\/betydelsen-av-arbetarnas-dag\/#article\",\"isPartOf\":{\"@id\":\"https:\/\/atena.sk\/blog\/sv\/betydelsen-av-arbetarnas-dag\/\"},\"author\":{\"name\":\"Marin Nedelev\",\"@id\":\"https:\/\/atena.sk\/blog\/sv\/#\/schema\/person\/0ae6c6390563d6555f91b0db4767e168\"},\"headline\":\"Betydelsen av arbetarnas dag\",\"datePublished\":\"2026-04-29T15:00:32+00:00\",\"dateModified\":\"2026-04-29T15:01:30+00:00\",\"mainEntityOfPage\":{\"@id\":\"https:\/\/atena.sk\/blog\/sv\/betydelsen-av-arbetarnas-dag\/\"},\"wordCount\":728,\"publisher\":{\"@id\":\"https:\/\/atena.sk\/blog\/sv\/#organization\"},\"image\":{\"@id\":\"https:\/\/atena.sk\/blog\/sv\/betydelsen-av-arbetarnas-dag\/#primaryimage\"},\"thumbnailUrl\":\"https:\/\/atena.sk\/blog\/wp-content\/uploads\/2026\/04\/AdobeStock_281549501-scaled.jpg\",\"articleSection\":[\"Kunder\",\"F\u00f6retag\"],\"inLanguage\":\"sv-SE\"},{\"@type\":[\"WebPage\",\"ItemPage\"],\"@id\":\"https:\/\/atena.sk\/blog\/sv\/betydelsen-av-arbetarnas-dag\/\",\"url\":\"https:\/\/atena.sk\/blog\/sv\/betydelsen-av-arbetarnas-dag\/\",\"name\":\"Betydelsen av arbetarnas dag - Atena blog\",\"isPartOf\":{\"@id\":\"https:\/\/atena.sk\/blog\/sv\/#website\"},\"primaryImageOfPage\":{\"@id\":\"https:\/\/atena.sk\/blog\/sv\/betydelsen-av-arbetarnas-dag\/#primaryimage\"},\"image\":{\"@id\":\"https:\/\/atena.sk\/blog\/sv\/betydelsen-av-arbetarnas-dag\/#primaryimage\"},\"thumbnailUrl\":\"https:\/\/atena.sk\/blog\/wp-content\/uploads\/2026\/04\/AdobeStock_281549501-scaled.jpg\",\"datePublished\":\"2026-04-29T15:00:32+00:00\",\"dateModified\":\"2026-04-29T15:01:30+00:00\",\"description\":\"Uppt\u00e4ck det sanna ursprunget till Labor Day och ta reda p\u00e5 varf\u00f6r r\u00e4ttvisa arbetstagarr\u00e4ttigheter fortfarande \u00e4r viktiga. Arbeta s\u00e4kert utomlands.\",\"breadcrumb\":{\"@id\":\"https:\/\/atena.sk\/blog\/sv\/betydelsen-av-arbetarnas-dag\/#breadcrumb\"},\"inLanguage\":\"sv-SE\",\"potentialAction\":[{\"@type\":\"ReadAction\",\"target\":[\"https:\/\/atena.sk\/blog\/sv\/betydelsen-av-arbetarnas-dag\/\"]}]},{\"@type\":\"ImageObject\",\"inLanguage\":\"sv-SE\",\"@id\":\"https:\/\/atena.sk\/blog\/sv\/betydelsen-av-arbetarnas-dag\/#primaryimage\",\"url\":\"https:\/\/atena.sk\/blog\/wp-content\/uploads\/2026\/04\/AdobeStock_281549501-scaled.jpg\",\"contentUrl\":\"https:\/\/atena.sk\/blog\/wp-content\/uploads\/2026\/04\/AdobeStock_281549501-scaled.jpg\",\"width\":2780,\"height\":1564,\"caption\":\"sviatok pr\u00e1ce\"},{\"@type\":\"BreadcrumbList\",\"@id\":\"https:\/\/atena.sk\/blog\/sv\/betydelsen-av-arbetarnas-dag\/#breadcrumb\",\"itemListElement\":[{\"@type\":\"ListItem\",\"position\":1,\"name\":\"Home\",\"item\":\"https:\/\/atena.sk\/blog\/sv\/valj-ditt-bloggavsnitt\/\"},{\"@type\":\"ListItem\",\"position\":2,\"name\":\"Betydelsen av arbetarnas dag\"}]},{\"@type\":\"WebSite\",\"@id\":\"https:\/\/atena.sk\/blog\/sv\/#website\",\"url\":\"https:\/\/atena.sk\/blog\/sv\/\",\"name\":\"Atena blog\",\"description\":\"Blog spolo\u010dnosti atena\",\"publisher\":{\"@id\":\"https:\/\/atena.sk\/blog\/sv\/#organization\"},\"potentialAction\":[{\"@type\":\"SearchAction\",\"target\":{\"@type\":\"EntryPoint\",\"urlTemplate\":\"https:\/\/atena.sk\/blog\/sv\/?s={search_term_string}\"},\"query-input\":\"required name=search_term_string\"}],\"inLanguage\":\"sv-SE\"},{\"@type\":\"Organization\",\"@id\":\"https:\/\/atena.sk\/blog\/sv\/#organization\",\"name\":\"ATENA\",\"url\":\"https:\/\/atena.sk\/blog\/sv\/\",\"logo\":{\"@type\":\"ImageObject\",\"inLanguage\":\"sv-SE\",\"@id\":\"https:\/\/atena.sk\/blog\/sv\/#\/schema\/logo\/image\/\",\"url\":\"https:\/\/atena.sk\/blog\/wp-content\/uploads\/2022\/08\/logo.png\",\"contentUrl\":\"https:\/\/atena.sk\/blog\/wp-content\/uploads\/2022\/08\/logo.png\",\"width\":3543,\"height\":3543,\"caption\":\"ATENA\"},\"image\":{\"@id\":\"https:\/\/atena.sk\/blog\/sv\/#\/schema\/logo\/image\/\"}},{\"@type\":\"Person\",\"@id\":\"https:\/\/atena.sk\/blog\/sv\/#\/schema\/person\/0ae6c6390563d6555f91b0db4767e168\",\"name\":\"Marin Nedelev\",\"image\":{\"@type\":\"ImageObject\",\"inLanguage\":\"sv-SE\",\"@id\":\"https:\/\/atena.sk\/blog\/sv\/#\/schema\/person\/image\/\",\"url\":\"https:\/\/secure.gravatar.com\/avatar\/c7908085eb1039e4706a94fc58b04d66?s=96&d=mm&r=g\",\"contentUrl\":\"https:\/\/secure.gravatar.com\/avatar\/c7908085eb1039e4706a94fc58b04d66?s=96&d=mm&r=g\",\"caption\":\"Marin Nedelev\"},\"url\":\"https:\/\/atena.sk\/blog\/sv\/author\/marin-nedelev\/\"}]}<\/script>\n<!-- \/ Yoast SEO plugin. -->","yoast_head_json":{"title":"Betydelsen av arbetarnas dag - Atena blog","description":"Uppt\u00e4ck det sanna ursprunget till Labor Day och ta reda p\u00e5 varf\u00f6r r\u00e4ttvisa arbetstagarr\u00e4ttigheter fortfarande \u00e4r viktiga. Arbeta s\u00e4kert utomlands.","robots":{"index":"index","follow":"follow","max-snippet":"max-snippet:-1","max-image-preview":"max-image-preview:large","max-video-preview":"max-video-preview:-1"},"canonical":"https:\/\/atena.sk\/blog\/sv\/betydelsen-av-arbetarnas-dag\/","og_locale":"sv_SE","og_type":"article","og_title":"Betydelsen av arbetarnas dag - Atena blog","og_description":"Labor Day \u00e4r en s\u00e4rskilt kraftfull p\u00e5minnelse om behovet av trygghet, djup respekt och r\u00e4ttvis l\u00f6n f\u00f6r alla arbetstagare. I detta nya blogginl\u00e4gg f\u00f6rdjupar vi oss i f\u00f6rsta maj och dess best\u00e5ende inverkan p\u00e5 den moderna arbetsmarknaden. Det belyser direkt den enorma betydelsen av att s\u00e4kra juridiskt bindande avtal innan man \u00e5ker f\u00f6r att arbeta i ett fr\u00e4mmande land. Uppt\u00e4ck snabbt hur r\u00e4tt professionellt st\u00f6d kan s\u00e4kerst\u00e4lla en s\u00f6ml\u00f6s och helt s\u00e4ker \u00f6verg\u00e5ng till utlandet.","og_url":"https:\/\/atena.sk\/blog\/sv\/betydelsen-av-arbetarnas-dag\/","og_site_name":"Atena blog","article_published_time":"2026-04-29T15:00:32+00:00","article_modified_time":"2026-04-29T15:01:30+00:00","og_image":[{"url":"https:\/\/atena.sk\/blog\/wp-content\/uploads\/2026\/04\/AdobeStock_281549501-1024x576.jpg"}],"author":"Marin Nedelev","twitter_misc":{"Skriven av":"Marin Nedelev","Ber\u00e4knad l\u00e4stid":"4 minuter"},"schema":{"@context":"https:\/\/schema.org","@graph":[{"@type":"NewsArticle","@id":"https:\/\/atena.sk\/blog\/sv\/betydelsen-av-arbetarnas-dag\/#article","isPartOf":{"@id":"https:\/\/atena.sk\/blog\/sv\/betydelsen-av-arbetarnas-dag\/"},"author":{"name":"Marin Nedelev","@id":"https:\/\/atena.sk\/blog\/sv\/#\/schema\/person\/0ae6c6390563d6555f91b0db4767e168"},"headline":"Betydelsen av arbetarnas dag","datePublished":"2026-04-29T15:00:32+00:00","dateModified":"2026-04-29T15:01:30+00:00","mainEntityOfPage":{"@id":"https:\/\/atena.sk\/blog\/sv\/betydelsen-av-arbetarnas-dag\/"},"wordCount":728,"publisher":{"@id":"https:\/\/atena.sk\/blog\/sv\/#organization"},"image":{"@id":"https:\/\/atena.sk\/blog\/sv\/betydelsen-av-arbetarnas-dag\/#primaryimage"},"thumbnailUrl":"https:\/\/atena.sk\/blog\/wp-content\/uploads\/2026\/04\/AdobeStock_281549501-scaled.jpg","articleSection":["Kunder","F\u00f6retag"],"inLanguage":"sv-SE"},{"@type":["WebPage","ItemPage"],"@id":"https:\/\/atena.sk\/blog\/sv\/betydelsen-av-arbetarnas-dag\/","url":"https:\/\/atena.sk\/blog\/sv\/betydelsen-av-arbetarnas-dag\/","name":"Betydelsen av arbetarnas dag - Atena blog","isPartOf":{"@id":"https:\/\/atena.sk\/blog\/sv\/#website"},"primaryImageOfPage":{"@id":"https:\/\/atena.sk\/blog\/sv\/betydelsen-av-arbetarnas-dag\/#primaryimage"},"image":{"@id":"https:\/\/atena.sk\/blog\/sv\/betydelsen-av-arbetarnas-dag\/#primaryimage"},"thumbnailUrl":"https:\/\/atena.sk\/blog\/wp-content\/uploads\/2026\/04\/AdobeStock_281549501-scaled.jpg","datePublished":"2026-04-29T15:00:32+00:00","dateModified":"2026-04-29T15:01:30+00:00","description":"Uppt\u00e4ck det sanna ursprunget till Labor Day och ta reda p\u00e5 varf\u00f6r r\u00e4ttvisa arbetstagarr\u00e4ttigheter fortfarande \u00e4r viktiga. Arbeta s\u00e4kert utomlands.","breadcrumb":{"@id":"https:\/\/atena.sk\/blog\/sv\/betydelsen-av-arbetarnas-dag\/#breadcrumb"},"inLanguage":"sv-SE","potentialAction":[{"@type":"ReadAction","target":["https:\/\/atena.sk\/blog\/sv\/betydelsen-av-arbetarnas-dag\/"]}]},{"@type":"ImageObject","inLanguage":"sv-SE","@id":"https:\/\/atena.sk\/blog\/sv\/betydelsen-av-arbetarnas-dag\/#primaryimage","url":"https:\/\/atena.sk\/blog\/wp-content\/uploads\/2026\/04\/AdobeStock_281549501-scaled.jpg","contentUrl":"https:\/\/atena.sk\/blog\/wp-content\/uploads\/2026\/04\/AdobeStock_281549501-scaled.jpg","width":2780,"height":1564,"caption":"sviatok pr\u00e1ce"},{"@type":"BreadcrumbList","@id":"https:\/\/atena.sk\/blog\/sv\/betydelsen-av-arbetarnas-dag\/#breadcrumb","itemListElement":[{"@type":"ListItem","position":1,"name":"Home","item":"https:\/\/atena.sk\/blog\/sv\/valj-ditt-bloggavsnitt\/"},{"@type":"ListItem","position":2,"name":"Betydelsen av arbetarnas dag"}]},{"@type":"WebSite","@id":"https:\/\/atena.sk\/blog\/sv\/#website","url":"https:\/\/atena.sk\/blog\/sv\/","name":"Atena blog","description":"Blog spolo\u010dnosti atena","publisher":{"@id":"https:\/\/atena.sk\/blog\/sv\/#organization"},"potentialAction":[{"@type":"SearchAction","target":{"@type":"EntryPoint","urlTemplate":"https:\/\/atena.sk\/blog\/sv\/?s={search_term_string}"},"query-input":"required name=search_term_string"}],"inLanguage":"sv-SE"},{"@type":"Organization","@id":"https:\/\/atena.sk\/blog\/sv\/#organization","name":"ATENA","url":"https:\/\/atena.sk\/blog\/sv\/","logo":{"@type":"ImageObject","inLanguage":"sv-SE","@id":"https:\/\/atena.sk\/blog\/sv\/#\/schema\/logo\/image\/","url":"https:\/\/atena.sk\/blog\/wp-content\/uploads\/2022\/08\/logo.png","contentUrl":"https:\/\/atena.sk\/blog\/wp-content\/uploads\/2022\/08\/logo.png","width":3543,"height":3543,"caption":"ATENA"},"image":{"@id":"https:\/\/atena.sk\/blog\/sv\/#\/schema\/logo\/image\/"}},{"@type":"Person","@id":"https:\/\/atena.sk\/blog\/sv\/#\/schema\/person\/0ae6c6390563d6555f91b0db4767e168","name":"Marin Nedelev","image":{"@type":"ImageObject","inLanguage":"sv-SE","@id":"https:\/\/atena.sk\/blog\/sv\/#\/schema\/person\/image\/","url":"https:\/\/secure.gravatar.com\/avatar\/c7908085eb1039e4706a94fc58b04d66?s=96&d=mm&r=g","contentUrl":"https:\/\/secure.gravatar.com\/avatar\/c7908085eb1039e4706a94fc58b04d66?s=96&d=mm&r=g","caption":"Marin Nedelev"},"url":"https:\/\/atena.sk\/blog\/sv\/author\/marin-nedelev\/"}]}},"_links":{"self":[{"href":"https:\/\/atena.sk\/blog\/sv\/wp-json\/wp\/v2\/posts\/382530"}],"collection":[{"href":"https:\/\/atena.sk\/blog\/sv\/wp-json\/wp\/v2\/posts"}],"about":[{"href":"https:\/\/atena.sk\/blog\/sv\/wp-json\/wp\/v2\/types\/post"}],"author":[{"embeddable":true,"href":"https:\/\/atena.sk\/blog\/sv\/wp-json\/wp\/v2\/users\/20"}],"replies":[{"embeddable":true,"href":"https:\/\/atena.sk\/blog\/sv\/wp-json\/wp\/v2\/comments?post=382530"}],"version-history":[{"count":1,"href":"https:\/\/atena.sk\/blog\/sv\/wp-json\/wp\/v2\/posts\/382530\/revisions"}],"predecessor-version":[{"id":382531,"href":"https:\/\/atena.sk\/blog\/sv\/wp-json\/wp\/v2\/posts\/382530\/revisions\/382531"}],"wp:featuredmedia":[{"embeddable":true,"href":"https:\/\/atena.sk\/blog\/sv\/wp-json\/wp\/v2\/media\/382503"}],"wp:attachment":[{"href":"https:\/\/atena.sk\/blog\/sv\/wp-json\/wp\/v2\/media?parent=382530"}],"wp:term":[{"taxonomy":"category","embeddable":true,"href":"https:\/\/atena.sk\/blog\/sv\/wp-json\/wp\/v2\/categories?post=382530"},{"taxonomy":"post_tag","embeddable":true,"href":"https:\/\/atena.sk\/blog\/sv\/wp-json\/wp\/v2\/tags?post=382530"}],"curies":[{"name":"wp","href":"https:\/\/api.w.org\/{rel}","templated":true}]}}