{"id":229478,"date":"2023-11-03T10:15:18","date_gmt":"2023-11-03T09:15:18","guid":{"rendered":"https:\/\/atena.sk\/blog\/?p=229478"},"modified":"2023-11-03T10:15:22","modified_gmt":"2023-11-03T09:15:22","slug":"v-novembri-sme-opat-zvysili-platy-nasich-opatrovatelov","status":"publish","type":"post","link":"https:\/\/atena.sk\/blog\/v-novembri-sme-opat-zvysili-platy-nasich-opatrovatelov\/","title":{"rendered":"V novembri sme op\u00e4\u0165 zv\u00fd\u0161ili platy na\u0161ich opatrovate\u013eov"},"content":{"rendered":"\n<p>V dne\u0161nej ekonomicky nestabilnej dobe je pre zamestn\u00e1vate\u013eov \u010doraz n\u00e1ro\u010dnej\u0161ie dr\u017ea\u0165 krok s ne\u00faprosnou mierou infl\u00e1cie, ktor\u00e1 na\u010falej ovplyv\u0148uje n\u00e1\u0161 ka\u017edodenn\u00fd \u017eivot. Situ\u00e1cia je obzvl\u00e1\u0161\u0165 \u0165a\u017ek\u00e1 v Eur\u00f3pskej \u00fanii, kde sa k\u00fapna sila na\u0161ej meny neust\u00e1le zni\u017euje. Finan\u010dn\u00e1 prosperita opatrovate\u013eov a zamestnancov vo v\u0161eobecnosti vis\u00ed na vl\u00e1sku a potreba rie\u0161enia nebola nikdy naliehavej\u0161ia.<\/p>\n\n\n\n<!--more-->\n\n\n\n<h2 class=\"wp-block-heading\">Posilnenie opatrovate\u013eov: Z\u00e1v\u00e4zok k spravodliv\u00e9mu odme\u0148ovaniu<\/h2>\n\n\n\n<p><br>V spolo\u010dnosti <a href=\"https:\/\/atena.org\">Atena<\/a> ch\u00e1peme \u0165a\u017ek\u00fa situ\u00e1ciu mnoh\u00fdch jednotlivcov, ktor\u00ed sa sna\u017eia udr\u017ea\u0165 si svoj \u017eivotn\u00fd \u0161tandard v \u010dase neust\u00e1lych hospod\u00e1rskych turbulenci\u00ed. Ako d\u00f4veryhodn\u00e1 person\u00e1lna agent\u00fara, ktorej cie\u013eom je <strong>zabezpe\u010di\u0165 finan\u010dn\u00fa stabilitu opatrovate\u013eov<\/strong>, si uvedomujeme d\u00f4le\u017eitos\u0165 poskytovania nielen istoty zamestnania, ale aj spravodlivej odmeny. Pr\u00e1ve s oh\u013eadom na tento z\u00e1v\u00e4zok s rados\u0165ou oznamujeme pozit\u00edvnu zmenu, ktor\u00e1 bude ma\u0165 priamy vplyv na v\u0161etk\u00fdch opatrovate\u013eov pracuj\u00facich s nami v Nemecku.<\/p>\n\n\n\n<h2 class=\"wp-block-heading\">Svetlej\u0161ia bud\u00facnos\u0165: Zvy\u0161ujeme platy, aby sme prekonali infl\u00e1ciu.<\/h2>\n\n\n\n<p>Od <strong>1. novembra 2023<\/strong> bude ka\u017ed\u00fd opatrovate\u013e spolupracuj\u00faci so spolo\u010dnos\u0165ou <a href=\"https:\/\/atena.org\">Atena<\/a>, ktor\u00fd pracuje v Nemecku, dost\u00e1va\u0165 <strong>ka\u017ed\u00fd mesiac navy\u0161e 50 EUR<\/strong>. Pevne ver\u00edme, \u017ee ka\u017ed\u00fd tvrdo pracuj\u00faci \u010dlovek si zasl\u00fa\u017ei zachova\u0165, ak nie zv\u00fd\u0161i\u0165, kvalitu svojho \u017eivota v podmienkach infl\u00e1cie. Na rozdiel od zamestnancov in\u00fdch spolo\u010dnost\u00ed, ktor\u00ed m\u00f4\u017eu by\u0165 n\u00faten\u00ed zn\u00ed\u017ei\u0165 svoju \u017eivotn\u00fa \u00farove\u0148 alebo si h\u013eada\u0165 \u010fal\u0161iu pr\u00e1cu, aby vy\u017eili, my zauj\u00edmame akt\u00edvny pr\u00edstup, aby sme na\u0161im opatrovate\u013eom zabezpe\u010dili finan\u010dn\u00e9 zabezpe\u010denie, ktor\u00e9 si zasl\u00fa\u017eia.<\/p>\n\n\n\n<h2 class=\"wp-block-heading\">Prekon\u00e1vanie o\u010dak\u00e1van\u00ed: N\u00e1\u0161 z\u00e1v\u00e4zok k rastu<\/h2>\n\n\n\n<p>V spolo\u010dnosti <a href=\"https:\/\/atena.org\">Atena<\/a> je n\u00e1\u0161 z\u00e1v\u00e4zok zvy\u0161ova\u0165 platy viac ne\u017e len kr\u00e1tkodob\u00e9 rie\u0161enie; je to z\u00e1v\u00e4zok budova\u0165 trval\u00e9 partnerstv\u00e1 a vz\u0165ahy s na\u0161imi cenn\u00fdmi opatrovate\u013emi. Sme si plne vedom\u00ed priemernej miery infl\u00e1cie v Eur\u00f3pskej \u00fanii. Najm\u00e4 z\u00e1vratn\u00e9 \u00farovne infl\u00e1cie, ktor\u00e9 sme za\u017eili v rokoch 2022 a 2023, zanechali na na\u0161ej ekonomike trval\u00fd vplyv. Pre lep\u0161iu predstavu, nie\u010do, \u010do v roku 2013 st\u00e1lo 100 EUR, sa dnes po zoh\u013eadnen\u00ed infl\u00e1cie rovn\u00e1 pribli\u017ene 132 EUR. To predstavuje <strong>kumulat\u00edvnu mieru infl\u00e1cie vo v\u00fd\u0161ke 32 %<\/strong> za posledn\u00e9 desa\u0165ro\u010die.<\/p>\n\n\n\n<h2 class=\"wp-block-heading\">Ako sme reagovali z dlhodob\u00e9ho h\u013eadiska?<\/h2>\n\n\n\n<p>V t\u00fdchto n\u00e1ro\u010dn\u00fdch hospod\u00e1rskych podmienkach je in\u0161piruj\u00face vidie\u0165, ako <a href=\"https:\/\/atena.org\">Atena <\/a>nielen\u017ee dr\u017e\u00ed krok s infl\u00e1ciou, ale ju aj prekon\u00e1va.. Ke\u010f vezmeme do \u00favahy historick\u00e9 \u00fadaje, priemern\u00e1 mesa\u010dn\u00e1 mzda opatrovate\u013eov v spolo\u010dnosti <a href=\"https:\/\/atena.org\">Atena<\/a> v novembri 2013 bola 1 243,34 EUR. Presu\u0148me sa do novembra 2023 a priemern\u00e1 mesa\u010dn\u00e1 mzda sa zv\u00fd\u0161ila na pozoruhodn\u00fdch <strong>1 740 EUR<\/strong>. Tento v\u00fdrazn\u00fd <strong>n\u00e1rast predstavuje 40 % n\u00e1rast miezd<\/strong> za rovnak\u00e9 obdobie, \u010do prevy\u0161uje 32 % kumulat\u00edvnu mieru infl\u00e1cie.<\/p>\n\n\n\n<h2 class=\"wp-block-heading\">D\u00f4veryhodn\u00fd partner: Osved\u010den\u00e9 v\u00fdsledky spolo\u010dnosti Atena<\/h2>\n\n\n\n<p>Ch\u00e1peme, \u017ee d\u00f4vera sa z\u00edskava a netreba ju bra\u0165 na \u013eahk\u00fa v\u00e1hu. U\u017e 15 rokov poskytujeme \u0161pi\u010dkov\u00e9 slu\u017eby. Preuk\u00e1zali sme, \u017ee dok\u00e1\u017eeme \u010deli\u0165 v\u00fdzvam, ako s\u00fa pand\u00e9mie a rekordn\u00e1 infl\u00e1cia, a vyrovna\u0165 sa s nimi, pri\u010dom na\u010falej poskytujeme to najlep\u0161ie pre na\u0161ich zamestnancov.<\/p>\n\n\n\n<h2 class=\"wp-block-heading\">Kvalitn\u00e9 slu\u017eby a istota platov<\/h2>\n\n\n\n<p>Na\u0161e osved\u010den\u00e9 v\u00fdsledky odr\u00e1\u017eaj\u00fa n\u00e1\u0161 neochvejn\u00fd z\u00e1v\u00e4zok k blahu na\u0161ich opatrovate\u013eov. Pri na\u0161om napredovan\u00ed m\u00f4\u017eete veri\u0165, \u017ee budeme na\u010falej poskytova\u0165 slu\u017eby najvy\u0161\u0161ej kvality a dlhodobo zvy\u0161ova\u0165 platy. Neprekon\u00e1vame len infl\u00e1ciu, ale ur\u010dujeme \u0161tandardy dokonalosti v oblasti opatrovate\u013estva a finan\u010dn\u00e9ho blahobytu.<br>Vyberte si spolo\u010dnos\u0165 <a href=\"https:\/\/atena.org\">Atena<\/a> pre svoje potreby v oblasti opatrovate\u013estva a umo\u017enite n\u00e1m, aby sme v\u00e1s podporili vo va\u0161ej snahe o lep\u0161\u00ed \u017eivot.<br>Spolo\u010dne m\u00f4\u017eeme budova\u0165 lep\u0161iu bud\u00facnos\u0165 s vedom\u00edm, \u017ee va\u0161e blaho je na\u0161ou najvy\u0161\u0161ou prioritou.<\/p>\n","protected":false},"excerpt":{"rendered":"<p>Pri zverejnen\u00ed nov\u00e9ho zv\u00fd\u0161enia platov opatrovate\u013eov v Nemecku je c\u00edti\u0165 nad\u0161enie. V na\u0161om najnov\u0161om \u010dl\u00e1nku nielen\u017ee zverej\u0148ujeme pe\u0148a\u017en\u00e9 pr\u00edrastky, ale tie\u017e v\u00e1s zavedieme na cestu po na\u0161ej neochvejnej podpore v minulosti a po na\u0161ej v\u00edzii bud\u00facnosti, v ktorej bud\u00fa opatrovatelia finan\u010dne zabezpe\u010den\u00ed a bud\u00fa prosperova\u0165. Pridajte sa k n\u00e1m a osl\u00e1vte t\u00fato pozit\u00edvnu zmenu!<\/p>\n","protected":false},"author":20,"featured_media":229626,"comment_status":"closed","ping_status":"open","sticky":false,"template":"","format":"standard","meta":{"footnotes":""},"categories":[55,210],"tags":[],"acf":{"facebookpost":"\ud83d\udce2 Ve\u013ek\u00e1 novinka pre na\u0161ich opatrovate\u013eov v Nemecku! \ud83c\udde9\ud83c\uddea Op\u00e4\u0165 zvy\u0161ujeme platy! \ud83d\udcb0 Ste zvedav\u00ed o ko\u013eko? Ponorte sa do n\u00e1\u0161ho najnov\u0161ieho \u010dl\u00e1nku a zistite nielen o ko\u013eko sa zvy\u0161uj\u00fa platy, ale aj na\u0161e doteraj\u0161ie \u00faspechy a pl\u00e1ny do bud\u00facnosti. Nenechajte si to ujs\u0165! \ud83d\ude80","popis_socialneho_obrazku":"Na\u0161a odpove\u010f na infl\u00e1ciu"},"yoast_head":"<!-- This site is optimized with the Yoast SEO plugin v22.6 - https:\/\/yoast.com\/wordpress\/plugins\/seo\/ -->\n<title>V novembri sme op\u00e4\u0165 zv\u00fd\u0161ili platy na\u0161ich opatrovate\u013eov - Atena blog<\/title>\n<meta name=\"description\" content=\"Zistite, ako na\u0161e platy opatrovate\u013eov prekon\u00e1vaj\u00fa infl\u00e1ciu a z\u00e1rove\u0148 poskytuj\u00fa stabilitu a finan\u010dn\u00fa slobodu.\" \/>\n<meta name=\"robots\" content=\"index, follow, max-snippet:-1, max-image-preview:large, max-video-preview:-1\" \/>\n<link rel=\"canonical\" href=\"https:\/\/atena.sk\/blog\/v-novembri-sme-opat-zvysili-platy-nasich-opatrovatelov\/\" \/>\n<meta property=\"og:locale\" content=\"sk_SK\" \/>\n<meta property=\"og:type\" content=\"article\" \/>\n<meta property=\"og:title\" content=\"V novembri sme op\u00e4\u0165 zv\u00fd\u0161ili platy na\u0161ich opatrovate\u013eov - Atena blog\" \/>\n<meta property=\"og:description\" content=\"Z\u00e1kladom n\u00e1\u0161ho z\u00e1v\u00e4zku je pohoda opatrovate\u013eov. V na\u0161om najnov\u0161om \u010dl\u00e1nku sa podel\u00edme o podrobnosti n\u00e1\u0161ho ned\u00e1vneho zv\u00fd\u0161enia platov v Nemecku. Za\u010d\u00edtajte sa do \u010dl\u00e1nku a zistite, ako sme v priebehu \u010dasu neust\u00e1le st\u00e1li na strane na\u0161ich opatrovate\u013eov a ak\u00e1 je na\u0161a v\u00edzia zabezpe\u010denia bezpe\u010dnej a prosperuj\u00facej bud\u00facnosti pre v\u0161etk\u00fdch.\" \/>\n<meta property=\"og:url\" content=\"https:\/\/atena.sk\/blog\/v-novembri-sme-opat-zvysili-platy-nasich-opatrovatelov\/\" \/>\n<meta property=\"og:site_name\" content=\"Atena blog\" \/>\n<meta property=\"article:published_time\" content=\"2023-11-03T09:15:18+00:00\" \/>\n<meta property=\"article:modified_time\" content=\"2023-11-03T09:15:22+00:00\" \/>\n<meta property=\"og:image\" content=\"https:\/\/atena.sk\/blog\/wp-content\/uploads\/2023\/11\/insta-post-28.png\" \/>\n\t<meta property=\"og:image:width\" content=\"1200\" \/>\n\t<meta property=\"og:image:height\" content=\"630\" \/>\n\t<meta property=\"og:image:type\" content=\"image\/png\" \/>\n<meta name=\"author\" content=\"Marin Nedelev\" \/>\n<meta name=\"twitter:label1\" content=\"Autor\" \/>\n\t<meta name=\"twitter:data1\" content=\"Marin Nedelev\" \/>\n\t<meta name=\"twitter:label2\" content=\"Predpokladan\u00fd \u010das \u010d\u00edtania\" \/>\n\t<meta name=\"twitter:data2\" content=\"3 minutes\" \/>\n<script type=\"application\/ld+json\" class=\"yoast-schema-graph\">{\"@context\":\"https:\/\/schema.org\",\"@graph\":[{\"@type\":\"NewsArticle\",\"@id\":\"https:\/\/atena.sk\/blog\/v-novembri-sme-opat-zvysili-platy-nasich-opatrovatelov\/#article\",\"isPartOf\":{\"@id\":\"https:\/\/atena.sk\/blog\/v-novembri-sme-opat-zvysili-platy-nasich-opatrovatelov\/\"},\"author\":{\"name\":\"Marin Nedelev\",\"@id\":\"https:\/\/atena.sk\/blog\/#\/schema\/person\/0ae6c6390563d6555f91b0db4767e168\"},\"headline\":\"V novembri sme op\u00e4\u0165 zv\u00fd\u0161ili platy na\u0161ich opatrovate\u013eov\",\"datePublished\":\"2023-11-03T09:15:18+00:00\",\"dateModified\":\"2023-11-03T09:15:22+00:00\",\"mainEntityOfPage\":{\"@id\":\"https:\/\/atena.sk\/blog\/v-novembri-sme-opat-zvysili-platy-nasich-opatrovatelov\/\"},\"wordCount\":706,\"publisher\":{\"@id\":\"https:\/\/atena.sk\/blog\/#organization\"},\"image\":{\"@id\":\"https:\/\/atena.sk\/blog\/v-novembri-sme-opat-zvysili-platy-nasich-opatrovatelov\/#primaryimage\"},\"thumbnailUrl\":\"https:\/\/atena.sk\/blog\/wp-content\/uploads\/2023\/11\/AdobeStock_258960515-scaled.jpg\",\"articleSection\":[\"Klienti\",\"O\u0161etrovate\u013estvo\"],\"inLanguage\":\"sk-SK\"},{\"@type\":[\"WebPage\",\"ItemPage\"],\"@id\":\"https:\/\/atena.sk\/blog\/v-novembri-sme-opat-zvysili-platy-nasich-opatrovatelov\/\",\"url\":\"https:\/\/atena.sk\/blog\/v-novembri-sme-opat-zvysili-platy-nasich-opatrovatelov\/\",\"name\":\"V novembri sme op\u00e4\u0165 zv\u00fd\u0161ili platy na\u0161ich opatrovate\u013eov - Atena blog\",\"isPartOf\":{\"@id\":\"https:\/\/atena.sk\/blog\/#website\"},\"primaryImageOfPage\":{\"@id\":\"https:\/\/atena.sk\/blog\/v-novembri-sme-opat-zvysili-platy-nasich-opatrovatelov\/#primaryimage\"},\"image\":{\"@id\":\"https:\/\/atena.sk\/blog\/v-novembri-sme-opat-zvysili-platy-nasich-opatrovatelov\/#primaryimage\"},\"thumbnailUrl\":\"https:\/\/atena.sk\/blog\/wp-content\/uploads\/2023\/11\/AdobeStock_258960515-scaled.jpg\",\"datePublished\":\"2023-11-03T09:15:18+00:00\",\"dateModified\":\"2023-11-03T09:15:22+00:00\",\"description\":\"Zistite, ako na\u0161e platy opatrovate\u013eov prekon\u00e1vaj\u00fa infl\u00e1ciu a z\u00e1rove\u0148 poskytuj\u00fa stabilitu a finan\u010dn\u00fa slobodu.\",\"breadcrumb\":{\"@id\":\"https:\/\/atena.sk\/blog\/v-novembri-sme-opat-zvysili-platy-nasich-opatrovatelov\/#breadcrumb\"},\"inLanguage\":\"sk-SK\",\"potentialAction\":[{\"@type\":\"ReadAction\",\"target\":[\"https:\/\/atena.sk\/blog\/v-novembri-sme-opat-zvysili-platy-nasich-opatrovatelov\/\"]}]},{\"@type\":\"ImageObject\",\"inLanguage\":\"sk-SK\",\"@id\":\"https:\/\/atena.sk\/blog\/v-novembri-sme-opat-zvysili-platy-nasich-opatrovatelov\/#primaryimage\",\"url\":\"https:\/\/atena.sk\/blog\/wp-content\/uploads\/2023\/11\/AdobeStock_258960515-scaled.jpg\",\"contentUrl\":\"https:\/\/atena.sk\/blog\/wp-content\/uploads\/2023\/11\/AdobeStock_258960515-scaled.jpg\",\"width\":2780,\"height\":1564,\"caption\":\"Platy opatrovate\u013eov vs. infl\u00e1cia\"},{\"@type\":\"BreadcrumbList\",\"@id\":\"https:\/\/atena.sk\/blog\/v-novembri-sme-opat-zvysili-platy-nasich-opatrovatelov\/#breadcrumb\",\"itemListElement\":[{\"@type\":\"ListItem\",\"position\":1,\"name\":\"Home\",\"item\":\"https:\/\/atena.sk\/blog\/\"},{\"@type\":\"ListItem\",\"position\":2,\"name\":\"V novembri sme op\u00e4\u0165 zv\u00fd\u0161ili platy na\u0161ich opatrovate\u013eov\"}]},{\"@type\":\"WebSite\",\"@id\":\"https:\/\/atena.sk\/blog\/#website\",\"url\":\"https:\/\/atena.sk\/blog\/\",\"name\":\"Atena blog\",\"description\":\"Blog spolo\u010dnosti atena\",\"publisher\":{\"@id\":\"https:\/\/atena.sk\/blog\/#organization\"},\"potentialAction\":[{\"@type\":\"SearchAction\",\"target\":{\"@type\":\"EntryPoint\",\"urlTemplate\":\"https:\/\/atena.sk\/blog\/?s={search_term_string}\"},\"query-input\":\"required name=search_term_string\"}],\"inLanguage\":\"sk-SK\"},{\"@type\":\"Organization\",\"@id\":\"https:\/\/atena.sk\/blog\/#organization\",\"name\":\"ATENA\",\"url\":\"https:\/\/atena.sk\/blog\/\",\"logo\":{\"@type\":\"ImageObject\",\"inLanguage\":\"sk-SK\",\"@id\":\"https:\/\/atena.sk\/blog\/#\/schema\/logo\/image\/\",\"url\":\"https:\/\/atena.sk\/blog\/wp-content\/uploads\/2022\/08\/logo.png\",\"contentUrl\":\"https:\/\/atena.sk\/blog\/wp-content\/uploads\/2022\/08\/logo.png\",\"width\":3543,\"height\":3543,\"caption\":\"ATENA\"},\"image\":{\"@id\":\"https:\/\/atena.sk\/blog\/#\/schema\/logo\/image\/\"}},{\"@type\":\"Person\",\"@id\":\"https:\/\/atena.sk\/blog\/#\/schema\/person\/0ae6c6390563d6555f91b0db4767e168\",\"name\":\"Marin Nedelev\",\"image\":{\"@type\":\"ImageObject\",\"inLanguage\":\"sk-SK\",\"@id\":\"https:\/\/atena.sk\/blog\/#\/schema\/person\/image\/\",\"url\":\"https:\/\/secure.gravatar.com\/avatar\/c7908085eb1039e4706a94fc58b04d66?s=96&d=mm&r=g\",\"contentUrl\":\"https:\/\/secure.gravatar.com\/avatar\/c7908085eb1039e4706a94fc58b04d66?s=96&d=mm&r=g\",\"caption\":\"Marin Nedelev\"},\"url\":\"https:\/\/atena.sk\/blog\/author\/marin-nedelev\/\"}]}<\/script>\n<!-- \/ Yoast SEO plugin. -->","yoast_head_json":{"title":"V novembri sme op\u00e4\u0165 zv\u00fd\u0161ili platy na\u0161ich opatrovate\u013eov - Atena blog","description":"Zistite, ako na\u0161e platy opatrovate\u013eov prekon\u00e1vaj\u00fa infl\u00e1ciu a z\u00e1rove\u0148 poskytuj\u00fa stabilitu a finan\u010dn\u00fa slobodu.","robots":{"index":"index","follow":"follow","max-snippet":"max-snippet:-1","max-image-preview":"max-image-preview:large","max-video-preview":"max-video-preview:-1"},"canonical":"https:\/\/atena.sk\/blog\/v-novembri-sme-opat-zvysili-platy-nasich-opatrovatelov\/","og_locale":"sk_SK","og_type":"article","og_title":"V novembri sme op\u00e4\u0165 zv\u00fd\u0161ili platy na\u0161ich opatrovate\u013eov - Atena blog","og_description":"Z\u00e1kladom n\u00e1\u0161ho z\u00e1v\u00e4zku je pohoda opatrovate\u013eov. V na\u0161om najnov\u0161om \u010dl\u00e1nku sa podel\u00edme o podrobnosti n\u00e1\u0161ho ned\u00e1vneho zv\u00fd\u0161enia platov v Nemecku. Za\u010d\u00edtajte sa do \u010dl\u00e1nku a zistite, ako sme v priebehu \u010dasu neust\u00e1le st\u00e1li na strane na\u0161ich opatrovate\u013eov a ak\u00e1 je na\u0161a v\u00edzia zabezpe\u010denia bezpe\u010dnej a prosperuj\u00facej bud\u00facnosti pre v\u0161etk\u00fdch.","og_url":"https:\/\/atena.sk\/blog\/v-novembri-sme-opat-zvysili-platy-nasich-opatrovatelov\/","og_site_name":"Atena blog","article_published_time":"2023-11-03T09:15:18+00:00","article_modified_time":"2023-11-03T09:15:22+00:00","og_image":[{"width":1200,"height":630,"url":"https:\/\/atena.sk\/blog\/wp-content\/uploads\/2023\/11\/insta-post-28.png","type":"image\/png"}],"author":"Marin Nedelev","twitter_misc":{"Autor":"Marin Nedelev","Predpokladan\u00fd \u010das \u010d\u00edtania":"3 minutes"},"schema":{"@context":"https:\/\/schema.org","@graph":[{"@type":"NewsArticle","@id":"https:\/\/atena.sk\/blog\/v-novembri-sme-opat-zvysili-platy-nasich-opatrovatelov\/#article","isPartOf":{"@id":"https:\/\/atena.sk\/blog\/v-novembri-sme-opat-zvysili-platy-nasich-opatrovatelov\/"},"author":{"name":"Marin Nedelev","@id":"https:\/\/atena.sk\/blog\/#\/schema\/person\/0ae6c6390563d6555f91b0db4767e168"},"headline":"V novembri sme op\u00e4\u0165 zv\u00fd\u0161ili platy na\u0161ich opatrovate\u013eov","datePublished":"2023-11-03T09:15:18+00:00","dateModified":"2023-11-03T09:15:22+00:00","mainEntityOfPage":{"@id":"https:\/\/atena.sk\/blog\/v-novembri-sme-opat-zvysili-platy-nasich-opatrovatelov\/"},"wordCount":706,"publisher":{"@id":"https:\/\/atena.sk\/blog\/#organization"},"image":{"@id":"https:\/\/atena.sk\/blog\/v-novembri-sme-opat-zvysili-platy-nasich-opatrovatelov\/#primaryimage"},"thumbnailUrl":"https:\/\/atena.sk\/blog\/wp-content\/uploads\/2023\/11\/AdobeStock_258960515-scaled.jpg","articleSection":["Klienti","O\u0161etrovate\u013estvo"],"inLanguage":"sk-SK"},{"@type":["WebPage","ItemPage"],"@id":"https:\/\/atena.sk\/blog\/v-novembri-sme-opat-zvysili-platy-nasich-opatrovatelov\/","url":"https:\/\/atena.sk\/blog\/v-novembri-sme-opat-zvysili-platy-nasich-opatrovatelov\/","name":"V novembri sme op\u00e4\u0165 zv\u00fd\u0161ili platy na\u0161ich opatrovate\u013eov - Atena blog","isPartOf":{"@id":"https:\/\/atena.sk\/blog\/#website"},"primaryImageOfPage":{"@id":"https:\/\/atena.sk\/blog\/v-novembri-sme-opat-zvysili-platy-nasich-opatrovatelov\/#primaryimage"},"image":{"@id":"https:\/\/atena.sk\/blog\/v-novembri-sme-opat-zvysili-platy-nasich-opatrovatelov\/#primaryimage"},"thumbnailUrl":"https:\/\/atena.sk\/blog\/wp-content\/uploads\/2023\/11\/AdobeStock_258960515-scaled.jpg","datePublished":"2023-11-03T09:15:18+00:00","dateModified":"2023-11-03T09:15:22+00:00","description":"Zistite, ako na\u0161e platy opatrovate\u013eov prekon\u00e1vaj\u00fa infl\u00e1ciu a z\u00e1rove\u0148 poskytuj\u00fa stabilitu a finan\u010dn\u00fa slobodu.","breadcrumb":{"@id":"https:\/\/atena.sk\/blog\/v-novembri-sme-opat-zvysili-platy-nasich-opatrovatelov\/#breadcrumb"},"inLanguage":"sk-SK","potentialAction":[{"@type":"ReadAction","target":["https:\/\/atena.sk\/blog\/v-novembri-sme-opat-zvysili-platy-nasich-opatrovatelov\/"]}]},{"@type":"ImageObject","inLanguage":"sk-SK","@id":"https:\/\/atena.sk\/blog\/v-novembri-sme-opat-zvysili-platy-nasich-opatrovatelov\/#primaryimage","url":"https:\/\/atena.sk\/blog\/wp-content\/uploads\/2023\/11\/AdobeStock_258960515-scaled.jpg","contentUrl":"https:\/\/atena.sk\/blog\/wp-content\/uploads\/2023\/11\/AdobeStock_258960515-scaled.jpg","width":2780,"height":1564,"caption":"Platy opatrovate\u013eov vs. infl\u00e1cia"},{"@type":"BreadcrumbList","@id":"https:\/\/atena.sk\/blog\/v-novembri-sme-opat-zvysili-platy-nasich-opatrovatelov\/#breadcrumb","itemListElement":[{"@type":"ListItem","position":1,"name":"Home","item":"https:\/\/atena.sk\/blog\/"},{"@type":"ListItem","position":2,"name":"V novembri sme op\u00e4\u0165 zv\u00fd\u0161ili platy na\u0161ich opatrovate\u013eov"}]},{"@type":"WebSite","@id":"https:\/\/atena.sk\/blog\/#website","url":"https:\/\/atena.sk\/blog\/","name":"Atena blog","description":"Blog spolo\u010dnosti atena","publisher":{"@id":"https:\/\/atena.sk\/blog\/#organization"},"potentialAction":[{"@type":"SearchAction","target":{"@type":"EntryPoint","urlTemplate":"https:\/\/atena.sk\/blog\/?s={search_term_string}"},"query-input":"required name=search_term_string"}],"inLanguage":"sk-SK"},{"@type":"Organization","@id":"https:\/\/atena.sk\/blog\/#organization","name":"ATENA","url":"https:\/\/atena.sk\/blog\/","logo":{"@type":"ImageObject","inLanguage":"sk-SK","@id":"https:\/\/atena.sk\/blog\/#\/schema\/logo\/image\/","url":"https:\/\/atena.sk\/blog\/wp-content\/uploads\/2022\/08\/logo.png","contentUrl":"https:\/\/atena.sk\/blog\/wp-content\/uploads\/2022\/08\/logo.png","width":3543,"height":3543,"caption":"ATENA"},"image":{"@id":"https:\/\/atena.sk\/blog\/#\/schema\/logo\/image\/"}},{"@type":"Person","@id":"https:\/\/atena.sk\/blog\/#\/schema\/person\/0ae6c6390563d6555f91b0db4767e168","name":"Marin Nedelev","image":{"@type":"ImageObject","inLanguage":"sk-SK","@id":"https:\/\/atena.sk\/blog\/#\/schema\/person\/image\/","url":"https:\/\/secure.gravatar.com\/avatar\/c7908085eb1039e4706a94fc58b04d66?s=96&d=mm&r=g","contentUrl":"https:\/\/secure.gravatar.com\/avatar\/c7908085eb1039e4706a94fc58b04d66?s=96&d=mm&r=g","caption":"Marin Nedelev"},"url":"https:\/\/atena.sk\/blog\/author\/marin-nedelev\/"}]}},"_links":{"self":[{"href":"https:\/\/atena.sk\/blog\/wp-json\/wp\/v2\/posts\/229478"}],"collection":[{"href":"https:\/\/atena.sk\/blog\/wp-json\/wp\/v2\/posts"}],"about":[{"href":"https:\/\/atena.sk\/blog\/wp-json\/wp\/v2\/types\/post"}],"author":[{"embeddable":true,"href":"https:\/\/atena.sk\/blog\/wp-json\/wp\/v2\/users\/20"}],"replies":[{"embeddable":true,"href":"https:\/\/atena.sk\/blog\/wp-json\/wp\/v2\/comments?post=229478"}],"version-history":[{"count":6,"href":"https:\/\/atena.sk\/blog\/wp-json\/wp\/v2\/posts\/229478\/revisions"}],"predecessor-version":[{"id":229659,"href":"https:\/\/atena.sk\/blog\/wp-json\/wp\/v2\/posts\/229478\/revisions\/229659"}],"wp:featuredmedia":[{"embeddable":true,"href":"https:\/\/atena.sk\/blog\/wp-json\/wp\/v2\/media\/229626"}],"wp:attachment":[{"href":"https:\/\/atena.sk\/blog\/wp-json\/wp\/v2\/media?parent=229478"}],"wp:term":[{"taxonomy":"category","embeddable":true,"href":"https:\/\/atena.sk\/blog\/wp-json\/wp\/v2\/categories?post=229478"},{"taxonomy":"post_tag","embeddable":true,"href":"https:\/\/atena.sk\/blog\/wp-json\/wp\/v2\/tags?post=229478"}],"curies":[{"name":"wp","href":"https:\/\/api.w.org\/{rel}","templated":true}]}}