{"id":382477,"date":"2026-04-29T17:00:32","date_gmt":"2026-04-29T15:00:32","guid":{"rendered":"https:\/\/atena.sk\/blog\/?p=382477"},"modified":"2026-04-29T17:00:35","modified_gmt":"2026-04-29T15:00:35","slug":"vyznam-sviatku-prace","status":"publish","type":"post","link":"https:\/\/atena.sk\/blog\/vyznam-sviatku-prace\/","title":{"rendered":"V\u00fdznam Sviatku pr\u00e1ce"},"content":{"rendered":"\n<p>Prv\u00fd m\u00e1j je v kalend\u00e1ri ve\u013emi v\u00fdnimo\u010dn\u00fd d\u00e1tum. \u013dudia na celom svete v tento de\u0148 oslavuj\u00fa Sviatok pr\u00e1ce. Je to \u00fa\u017easn\u00fd \u010das na uctenie si pracovn\u00edkov a ich tvrdej pr\u00e1ce. Mnoh\u00e9 krajiny sveta zmenili tento de\u0148 na ofici\u00e1lny \u0161t\u00e1tny sviatok. Rodiny tr\u00e1via spolu kvalitn\u00fd \u010das, bl\u00edzki priatelia sa stret\u00e1vaj\u00fa na piknikoch a tvrdo pracuj\u00faci \u013eudia si u\u017e\u00edvaj\u00fa zasl\u00fa\u017een\u00fd oddych. Sviatok pr\u00e1ce je v\u0161ak ove\u013ea viac ako len vo\u013en\u00fd de\u0148 mimo zamestnania. M\u00e1 bohat\u00fa hist\u00f3riu, ktor\u00e1 \u00faplne zmenila modern\u00e9 pracovisko. Pripom\u00edna n\u00e1m n\u00e1ro\u010dn\u00fd boj o \u013eudsk\u00fa d\u00f4stojnos\u0165 v pr\u00e1ci. Ka\u017ed\u00fd \u010dlovek si jednozna\u010dne zasl\u00fa\u017ei bezpe\u010dn\u00e9 prostredie a spravodliv\u00fa odmenu za svoje \u00fasilie.<\/p>\n\n\n\n<!--more-->\n\n\n\n<h2 class=\"wp-block-heading\">Skuto\u010dn\u00fd p\u00f4vod prv\u00e9ho m\u00e1ja<\/h2>\n\n\n\n<p>Skuto\u010dn\u00fd pr\u00edbeh Sviatku pr\u00e1ce sa za\u010d\u00edna v Spojen\u00fdch \u0161t\u00e1toch. V m\u00e1ji roku osemn\u00e1ststo osemdesiat\u0161es\u0165 zorganizovali odv\u00e1\u017eni zamestnanci v meste Chicago obrovsk\u00fd verejn\u00fd \u0161trajk. Po\u017eadovali spravodliv\u00fd osemhodinov\u00fd pracovn\u00fd \u010das pre v\u0161etk\u00fdch \u013eud\u00ed. V tom \u010dase pracovali be\u017en\u00ed \u013eudia ve\u013emi dlho v \u00faplne nebezpe\u010dn\u00fdch podmienkach. Zamestn\u00e1vatelia \u010dasto n\u00fatili svojich zamestnancov pracova\u0165 neuverite\u013en\u00fdch \u0161estn\u00e1s\u0165 hod\u00edn denne. Pracovn\u00edci mali ve\u013emi m\u00e1lo vo\u013en\u00e9ho \u010dasu na oddych alebo rodiny. Chicagsk\u00e9 protesty nakoniec vyvolali obrovsk\u00e9 spolo\u010densk\u00e9 hnutie. \u013dudia si r\u00fdchlo uvedomili siln\u00fa potrebu dr\u017ea\u0165 spolu. Spolo\u010dne za\u010dali \u017eiada\u0165 lep\u0161ie zaobch\u00e1dzanie a spravodliv\u00e9 pracovn\u00e9 pravidl\u00e1. Uk\u00e1zali neuverite\u013en\u00fa osobn\u00fa odvahu proti nespravodliv\u00fdm \u0161\u00e9fom.<\/p>\n\n\n\n<h2 class=\"wp-block-heading\">Glob\u00e1lne \u0161\u00edrenie pr\u00e1v zamestnancov<\/h2>\n\n\n\n<p>Nieko\u013eko rokov po t\u00fdchto historick\u00fdch udalostiach sa medzin\u00e1rodn\u00ed l\u00eddri v Eur\u00f3pe rozhodli ucti\u0165 si odv\u00e1\u017enych americk\u00fdch pracovn\u00edkov. Ofici\u00e1lne zvolili prv\u00fd m\u00e1j za Medzin\u00e1rodn\u00fd de\u0148 pracuj\u00facich. Tento d\u00f4le\u017eit\u00fd glob\u00e1lny sviatok odvtedy obrovsky nar\u00e1stol na popularite. R\u00fdchlo sa stal siln\u00fdm symbolom zamestnaneckej jednoty pre \u013eud\u00ed v\u0161ade na svete. Pracovn\u00edci v r\u00f4znych krajin\u00e1ch za\u010dali postupne vytv\u00e1ra\u0165 skupiny na akt\u00edvnu ochranu svojich z\u00e1ujmov. Bojovali za spravodliv\u00e9 minim\u00e1lne mzdy, v\u00edkendov\u00e9 prest\u00e1vky a bezpe\u010dn\u00e9 tov\u00e1rne. V\u010faka ich obrovsk\u00e9mu \u00fasiliu sa dnes te\u0161\u00edme mnoh\u00fdm pracovn\u00fdm ochran\u00e1m. Tieto modern\u00e9 vymo\u017eenosti dnes \u010dasto mylne pova\u017eujeme za \u00fapln\u00fa samozrejmos\u0165. Za na\u0161e modern\u00e9 pracovn\u00e9 \u0161tandardy v\u010fa\u010d\u00edme pr\u00e1ve t\u00fdmto prv\u00fdm hrdinsk\u00fdm priekopn\u00edkom.<\/p>\n\n\n\n<h2 class=\"wp-block-heading\">Pre\u010do je Sviatok pr\u00e1ce d\u00f4le\u017eit\u00fd aj dnes<\/h2>\n\n\n\n<p>Dnes jednozna\u010dne zost\u00e1va Sviatok pr\u00e1ce ve\u013emi siln\u00fdm a d\u00f4le\u017eit\u00fdm historick\u00fdm symbolom. Ve\u013emi jasne ukazuje obrovsk\u00fd v\u00fdznam f\u00e9rovej a poctivej pr\u00e1ce. Modern\u00ed zamestnanci st\u00e1le vy\u017eaduj\u00fa spo\u013eahliv\u00e9 platy, \u00fapln\u00fa pr\u00e1vnu istotu a zdrav\u00fa \u017eivotn\u00fa rovnov\u00e1hu. Potrebuj\u00fa jasn\u00fd s\u00falad medzi svojou ka\u017edodennou pr\u00e1cou a be\u017en\u00fdm osobn\u00fdm \u017eivotom. Svet sa neust\u00e1le r\u00fdchlo men\u00ed, ale z\u00e1kladn\u00e1 \u013eudsk\u00e1 potreba re\u0161pektu nikdy nezanik\u00e1. Mnoho \u013eud\u00ed bohu\u017eia\u013e st\u00e1le \u010del\u00ed nespravodliv\u00fdm pracovn\u00fdm podmienkam alebo n\u00edzkej mzde. Sviatok pr\u00e1ce n\u00e1m pripom\u00edna, aby sme si v\u017edy v\u00e1\u017eili vlastn\u00e9 zru\u010dnosti. Povzbudzuje n\u00e1s k h\u013eadaniu lep\u0161\u00edch kari\u00e9rnych pr\u00edle\u017eitost\u00ed. Ka\u017ed\u00fd pracovn\u00edk si plne zasl\u00fa\u017ei modern\u00e9 pracovisko pre svoju fyzick\u00fa a du\u0161evn\u00fa pohodu.<\/p>\n\n\n\n<h2 class=\"wp-block-heading\"><a href=\"https:\/\/atena.org\">N\u00e1jdite si perfektn\u00fa pr\u00e1cu so spolo\u010dnos\u0165ou Atena<\/a><\/h2>\n\n\n\n<p>V spolo\u010dnosti <a href=\"https:\/\/atena.org\">Atena <\/a>skuto\u010dne pevne ver\u00edme, \u017ee ka\u017ed\u00fd usilovn\u00fd pracovn\u00edk si zasl\u00fa\u017ei fantastick\u00fa pr\u00e1cu a bezpe\u010dn\u00fd \u017eivot. Odborne pom\u00e1hame obetav\u00fdm zdravotn\u00edckym profesion\u00e1lom, sk\u00fasen\u00fdm opatrovate\u013eom a zru\u010dn\u00fdm manu\u00e1lnym pracovn\u00edkom. \u00daspe\u0161ne im nach\u00e1dzame vynikaj\u00face pracovn\u00e9 pr\u00edle\u017eitosti v z\u00e1padnej Eur\u00f3pe. Dlhodobo sa zameriavame na vyspel\u00e9 krajiny ako Nemecko, Rak\u00fasko a modern\u00e9 Holandsko. Za na\u0161e kvalitn\u00e9 slu\u017eby v\u00e1m nikdy ne\u00fa\u010dtujeme \u017eiadne skryt\u00e9 poplatky. U n\u00e1s v\u017edy r\u00fdchlo dostanete \u00faplne leg\u00e1lnu pracovn\u00fa zmluvu, vynikaj\u00face mzdy a profesion\u00e1lnu podporu. Starostlivo pre v\u00e1s organizujeme cestovn\u00fa logistiku. Neust\u00e1le zost\u00e1vame va\u0161\u00edm spo\u013eahliv\u00fdm \u201epriate\u013eom na telef\u00f3ne\u201c dvadsa\u0165\u0161tyri hod\u00edn denne. Nev\u00e1hajte a ihne\u010f kontaktujte spolo\u010dnos\u0165 Atena. Vybudujte si lep\u0161iu bud\u00facnos\u0165 a z\u00edskajte re\u0161pekt.<\/p>\n\n\n\n<p><\/p>\n","protected":false},"excerpt":{"rendered":"<p>Prv\u00fd m\u00e1j je d\u00f4le\u017eit\u00e1 glob\u00e1lna oslava zameran\u00e1 na dlh\u00fd historick\u00fd boj za spravodliv\u00e9 pracovn\u00e9 podmienky a z\u00e1kladn\u00fa \u013eudsk\u00fa d\u00f4stojnos\u0165. N\u00e1\u0161 nov\u00fd \u010dl\u00e1nok podrobne sk\u00fama siln\u00e9 a in\u0161pirat\u00edvne po\u010diatky tohto sviatku u odv\u00e1\u017enych zamestnancov v Chicagu. Tie\u017e jasne vysvet\u013eujeme d\u00f4le\u017eitos\u0165 t\u00fdchto z\u00e1kladn\u00fdch pr\u00e1v pri budovan\u00ed \u00faspe\u0161nej kari\u00e9ry v \u00faplne novej krajine. Pre\u010d\u00edtajte si cel\u00fd n\u00e1\u0161 pr\u00edspevok a zistite, ako dok\u00e1\u017eu spr\u00e1vne zmluvy maxim\u00e1lne ochr\u00e1ni\u0165 va\u0161u bud\u00facnos\u0165 v zahrani\u010d\u00ed.<\/p>\n","protected":false},"author":20,"featured_media":382478,"comment_status":"closed","ping_status":"open","sticky":false,"template":"","format":"standard","meta":{"footnotes":""},"categories":[54,55],"tags":[],"acf":{"facebookpost":"\ud83c\udf1f \u0160\u0165astn\u00fd Sviatok pr\u00e1ce! Pozn\u00e1te skuto\u010dn\u00fd pr\u00edbeh za t\u00fdmto d\u00f4le\u017eit\u00fdm historick\u00fdm sviatkom? N\u00e1\u0161 najnov\u0161\u00ed \u010dl\u00e1nok sa pon\u00e1ra do bohatej hist\u00f3rie prv\u00e9ho m\u00e1ja a vysvet\u013euje aktu\u00e1lnu d\u00f4le\u017eitos\u0165 pr\u00e1v zamestnancov. \ud83d\udcbc\u2708\ufe0f Pre\u010d\u00edtajte si cel\u00fd pr\u00edspevok a zistite, ako si m\u00f4\u017eete bezpe\u010dne n\u00e1js\u0165 pr\u00e1cu v zahrani\u010d\u00ed! \ud83d\udc47","popis_socialneho_obrazku":"Hist\u00f3ria sviatku pr\u00e1ce"},"yoast_head":"<!-- This site is optimized with the Yoast SEO plugin v22.6 - https:\/\/yoast.com\/wordpress\/plugins\/seo\/ -->\n<title>V\u00fdznam Sviatku pr\u00e1ce - Atena blog<\/title>\n<meta name=\"description\" content=\"Objavte skuto\u010dn\u00fd p\u00f4vod Sviatku pr\u00e1ce a zistite, pre\u010do s\u00fa spravodliv\u00e9 pr\u00e1va zamestnancov st\u00e1le d\u00f4le\u017eit\u00e9. Z\u00edskajte bezpe\u010dn\u00fa pr\u00e1cu v zahrani\u010d\u00ed.\" \/>\n<meta name=\"robots\" content=\"index, follow, max-snippet:-1, max-image-preview:large, max-video-preview:-1\" \/>\n<link rel=\"canonical\" href=\"https:\/\/atena.sk\/blog\/vyznam-sviatku-prace\/\" \/>\n<meta property=\"og:locale\" content=\"sk_SK\" \/>\n<meta property=\"og:type\" content=\"article\" \/>\n<meta property=\"og:title\" content=\"V\u00fdznam Sviatku pr\u00e1ce - Atena blog\" \/>\n<meta property=\"og:description\" content=\"Sviatok pr\u00e1ce sl\u00fa\u017ei ako mimoriadne siln\u00e1 pripomienka potreby bezpe\u010dnosti, hlbok\u00e9ho re\u0161pektu a spravodliv\u00e9ho platu pre ka\u017ed\u00e9ho pracovn\u00edka. Tento nov\u00fd blogov\u00fd pr\u00edspevok sa pon\u00e1ra do bohatej hist\u00f3rie prv\u00e9ho m\u00e1ja a jeho trval\u00e9ho vplyvu na modern\u00e9 zamestnanie. Priamo zd\u00f4raz\u0148uje obrovsk\u00fa d\u00f4le\u017eitos\u0165 zabezpe\u010denia pr\u00e1vne z\u00e1v\u00e4zn\u00fdch doh\u00f4d pred odchodom za pr\u00e1cou do cudzej krajiny. Objavte r\u00fdchly sp\u00f4sob, ako dok\u00e1\u017ee spr\u00e1vna profesion\u00e1lna podpora zabezpe\u010di\u0165 bezprobl\u00e9mov\u00fd a \u00faplne bezpe\u010dn\u00fd prechod do zahrani\u010dia.\" \/>\n<meta property=\"og:url\" content=\"https:\/\/atena.sk\/blog\/vyznam-sviatku-prace\/\" \/>\n<meta property=\"og:site_name\" content=\"Atena blog\" \/>\n<meta property=\"article:published_time\" content=\"2026-04-29T15:00:32+00:00\" \/>\n<meta property=\"article:modified_time\" content=\"2026-04-29T15:00:35+00:00\" \/>\n<meta property=\"og:image\" content=\"https:\/\/atena.sk\/blog\/wp-content\/uploads\/2026\/04\/AdobeStock_281549501-scaled.jpg\" \/>\n\t<meta property=\"og:image:width\" content=\"2780\" \/>\n\t<meta property=\"og:image:height\" content=\"1564\" \/>\n\t<meta property=\"og:image:type\" content=\"image\/jpeg\" \/>\n<meta name=\"author\" content=\"Marin Nedelev\" \/>\n<meta name=\"twitter:label1\" content=\"Autor\" \/>\n\t<meta name=\"twitter:data1\" content=\"Marin Nedelev\" \/>\n\t<meta name=\"twitter:label2\" content=\"Predpokladan\u00fd \u010das \u010d\u00edtania\" \/>\n\t<meta name=\"twitter:data2\" content=\"1 min\u00fata\" \/>\n<script type=\"application\/ld+json\" class=\"yoast-schema-graph\">{\"@context\":\"https:\/\/schema.org\",\"@graph\":[{\"@type\":\"NewsArticle\",\"@id\":\"https:\/\/atena.sk\/blog\/vyznam-sviatku-prace\/#article\",\"isPartOf\":{\"@id\":\"https:\/\/atena.sk\/blog\/vyznam-sviatku-prace\/\"},\"author\":{\"name\":\"Marin Nedelev\",\"@id\":\"https:\/\/atena.sk\/blog\/#\/schema\/person\/0ae6c6390563d6555f91b0db4767e168\"},\"headline\":\"V\u00fdznam Sviatku pr\u00e1ce\",\"datePublished\":\"2026-04-29T15:00:32+00:00\",\"dateModified\":\"2026-04-29T15:00:35+00:00\",\"mainEntityOfPage\":{\"@id\":\"https:\/\/atena.sk\/blog\/vyznam-sviatku-prace\/\"},\"wordCount\":756,\"publisher\":{\"@id\":\"https:\/\/atena.sk\/blog\/#organization\"},\"image\":{\"@id\":\"https:\/\/atena.sk\/blog\/vyznam-sviatku-prace\/#primaryimage\"},\"thumbnailUrl\":\"https:\/\/atena.sk\/blog\/wp-content\/uploads\/2026\/04\/AdobeStock_281549501-scaled.jpg\",\"articleSection\":[\"Firmy\",\"Klienti\"],\"inLanguage\":\"sk-SK\"},{\"@type\":[\"WebPage\",\"ItemPage\"],\"@id\":\"https:\/\/atena.sk\/blog\/vyznam-sviatku-prace\/\",\"url\":\"https:\/\/atena.sk\/blog\/vyznam-sviatku-prace\/\",\"name\":\"V\u00fdznam Sviatku pr\u00e1ce - Atena blog\",\"isPartOf\":{\"@id\":\"https:\/\/atena.sk\/blog\/#website\"},\"primaryImageOfPage\":{\"@id\":\"https:\/\/atena.sk\/blog\/vyznam-sviatku-prace\/#primaryimage\"},\"image\":{\"@id\":\"https:\/\/atena.sk\/blog\/vyznam-sviatku-prace\/#primaryimage\"},\"thumbnailUrl\":\"https:\/\/atena.sk\/blog\/wp-content\/uploads\/2026\/04\/AdobeStock_281549501-scaled.jpg\",\"datePublished\":\"2026-04-29T15:00:32+00:00\",\"dateModified\":\"2026-04-29T15:00:35+00:00\",\"description\":\"Objavte skuto\u010dn\u00fd p\u00f4vod Sviatku pr\u00e1ce a zistite, pre\u010do s\u00fa spravodliv\u00e9 pr\u00e1va zamestnancov st\u00e1le d\u00f4le\u017eit\u00e9. Z\u00edskajte bezpe\u010dn\u00fa pr\u00e1cu v zahrani\u010d\u00ed.\",\"breadcrumb\":{\"@id\":\"https:\/\/atena.sk\/blog\/vyznam-sviatku-prace\/#breadcrumb\"},\"inLanguage\":\"sk-SK\",\"potentialAction\":[{\"@type\":\"ReadAction\",\"target\":[\"https:\/\/atena.sk\/blog\/vyznam-sviatku-prace\/\"]}]},{\"@type\":\"ImageObject\",\"inLanguage\":\"sk-SK\",\"@id\":\"https:\/\/atena.sk\/blog\/vyznam-sviatku-prace\/#primaryimage\",\"url\":\"https:\/\/atena.sk\/blog\/wp-content\/uploads\/2026\/04\/AdobeStock_281549501-scaled.jpg\",\"contentUrl\":\"https:\/\/atena.sk\/blog\/wp-content\/uploads\/2026\/04\/AdobeStock_281549501-scaled.jpg\",\"width\":2780,\"height\":1564,\"caption\":\"sviatok pr\u00e1ce\"},{\"@type\":\"BreadcrumbList\",\"@id\":\"https:\/\/atena.sk\/blog\/vyznam-sviatku-prace\/#breadcrumb\",\"itemListElement\":[{\"@type\":\"ListItem\",\"position\":1,\"name\":\"Home\",\"item\":\"https:\/\/atena.sk\/blog\/\"},{\"@type\":\"ListItem\",\"position\":2,\"name\":\"V\u00fdznam Sviatku pr\u00e1ce\"}]},{\"@type\":\"WebSite\",\"@id\":\"https:\/\/atena.sk\/blog\/#website\",\"url\":\"https:\/\/atena.sk\/blog\/\",\"name\":\"Atena blog\",\"description\":\"Blog spolo\u010dnosti atena\",\"publisher\":{\"@id\":\"https:\/\/atena.sk\/blog\/#organization\"},\"potentialAction\":[{\"@type\":\"SearchAction\",\"target\":{\"@type\":\"EntryPoint\",\"urlTemplate\":\"https:\/\/atena.sk\/blog\/?s={search_term_string}\"},\"query-input\":\"required name=search_term_string\"}],\"inLanguage\":\"sk-SK\"},{\"@type\":\"Organization\",\"@id\":\"https:\/\/atena.sk\/blog\/#organization\",\"name\":\"ATENA\",\"url\":\"https:\/\/atena.sk\/blog\/\",\"logo\":{\"@type\":\"ImageObject\",\"inLanguage\":\"sk-SK\",\"@id\":\"https:\/\/atena.sk\/blog\/#\/schema\/logo\/image\/\",\"url\":\"https:\/\/atena.sk\/blog\/wp-content\/uploads\/2022\/08\/logo.png\",\"contentUrl\":\"https:\/\/atena.sk\/blog\/wp-content\/uploads\/2022\/08\/logo.png\",\"width\":3543,\"height\":3543,\"caption\":\"ATENA\"},\"image\":{\"@id\":\"https:\/\/atena.sk\/blog\/#\/schema\/logo\/image\/\"}},{\"@type\":\"Person\",\"@id\":\"https:\/\/atena.sk\/blog\/#\/schema\/person\/0ae6c6390563d6555f91b0db4767e168\",\"name\":\"Marin Nedelev\",\"image\":{\"@type\":\"ImageObject\",\"inLanguage\":\"sk-SK\",\"@id\":\"https:\/\/atena.sk\/blog\/#\/schema\/person\/image\/\",\"url\":\"https:\/\/secure.gravatar.com\/avatar\/c7908085eb1039e4706a94fc58b04d66?s=96&d=mm&r=g\",\"contentUrl\":\"https:\/\/secure.gravatar.com\/avatar\/c7908085eb1039e4706a94fc58b04d66?s=96&d=mm&r=g\",\"caption\":\"Marin Nedelev\"},\"url\":\"https:\/\/atena.sk\/blog\/author\/marin-nedelev\/\"}]}<\/script>\n<!-- \/ Yoast SEO plugin. -->","yoast_head_json":{"title":"V\u00fdznam Sviatku pr\u00e1ce - Atena blog","description":"Objavte skuto\u010dn\u00fd p\u00f4vod Sviatku pr\u00e1ce a zistite, pre\u010do s\u00fa spravodliv\u00e9 pr\u00e1va zamestnancov st\u00e1le d\u00f4le\u017eit\u00e9. Z\u00edskajte bezpe\u010dn\u00fa pr\u00e1cu v zahrani\u010d\u00ed.","robots":{"index":"index","follow":"follow","max-snippet":"max-snippet:-1","max-image-preview":"max-image-preview:large","max-video-preview":"max-video-preview:-1"},"canonical":"https:\/\/atena.sk\/blog\/vyznam-sviatku-prace\/","og_locale":"sk_SK","og_type":"article","og_title":"V\u00fdznam Sviatku pr\u00e1ce - Atena blog","og_description":"Sviatok pr\u00e1ce sl\u00fa\u017ei ako mimoriadne siln\u00e1 pripomienka potreby bezpe\u010dnosti, hlbok\u00e9ho re\u0161pektu a spravodliv\u00e9ho platu pre ka\u017ed\u00e9ho pracovn\u00edka. Tento nov\u00fd blogov\u00fd pr\u00edspevok sa pon\u00e1ra do bohatej hist\u00f3rie prv\u00e9ho m\u00e1ja a jeho trval\u00e9ho vplyvu na modern\u00e9 zamestnanie. Priamo zd\u00f4raz\u0148uje obrovsk\u00fa d\u00f4le\u017eitos\u0165 zabezpe\u010denia pr\u00e1vne z\u00e1v\u00e4zn\u00fdch doh\u00f4d pred odchodom za pr\u00e1cou do cudzej krajiny. Objavte r\u00fdchly sp\u00f4sob, ako dok\u00e1\u017ee spr\u00e1vna profesion\u00e1lna podpora zabezpe\u010di\u0165 bezprobl\u00e9mov\u00fd a \u00faplne bezpe\u010dn\u00fd prechod do zahrani\u010dia.","og_url":"https:\/\/atena.sk\/blog\/vyznam-sviatku-prace\/","og_site_name":"Atena blog","article_published_time":"2026-04-29T15:00:32+00:00","article_modified_time":"2026-04-29T15:00:35+00:00","og_image":[{"width":2780,"height":1564,"url":"https:\/\/atena.sk\/blog\/wp-content\/uploads\/2026\/04\/AdobeStock_281549501-scaled.jpg","type":"image\/jpeg"}],"author":"Marin Nedelev","twitter_misc":{"Autor":"Marin Nedelev","Predpokladan\u00fd \u010das \u010d\u00edtania":"1 min\u00fata"},"schema":{"@context":"https:\/\/schema.org","@graph":[{"@type":"NewsArticle","@id":"https:\/\/atena.sk\/blog\/vyznam-sviatku-prace\/#article","isPartOf":{"@id":"https:\/\/atena.sk\/blog\/vyznam-sviatku-prace\/"},"author":{"name":"Marin Nedelev","@id":"https:\/\/atena.sk\/blog\/#\/schema\/person\/0ae6c6390563d6555f91b0db4767e168"},"headline":"V\u00fdznam Sviatku pr\u00e1ce","datePublished":"2026-04-29T15:00:32+00:00","dateModified":"2026-04-29T15:00:35+00:00","mainEntityOfPage":{"@id":"https:\/\/atena.sk\/blog\/vyznam-sviatku-prace\/"},"wordCount":756,"publisher":{"@id":"https:\/\/atena.sk\/blog\/#organization"},"image":{"@id":"https:\/\/atena.sk\/blog\/vyznam-sviatku-prace\/#primaryimage"},"thumbnailUrl":"https:\/\/atena.sk\/blog\/wp-content\/uploads\/2026\/04\/AdobeStock_281549501-scaled.jpg","articleSection":["Firmy","Klienti"],"inLanguage":"sk-SK"},{"@type":["WebPage","ItemPage"],"@id":"https:\/\/atena.sk\/blog\/vyznam-sviatku-prace\/","url":"https:\/\/atena.sk\/blog\/vyznam-sviatku-prace\/","name":"V\u00fdznam Sviatku pr\u00e1ce - Atena blog","isPartOf":{"@id":"https:\/\/atena.sk\/blog\/#website"},"primaryImageOfPage":{"@id":"https:\/\/atena.sk\/blog\/vyznam-sviatku-prace\/#primaryimage"},"image":{"@id":"https:\/\/atena.sk\/blog\/vyznam-sviatku-prace\/#primaryimage"},"thumbnailUrl":"https:\/\/atena.sk\/blog\/wp-content\/uploads\/2026\/04\/AdobeStock_281549501-scaled.jpg","datePublished":"2026-04-29T15:00:32+00:00","dateModified":"2026-04-29T15:00:35+00:00","description":"Objavte skuto\u010dn\u00fd p\u00f4vod Sviatku pr\u00e1ce a zistite, pre\u010do s\u00fa spravodliv\u00e9 pr\u00e1va zamestnancov st\u00e1le d\u00f4le\u017eit\u00e9. Z\u00edskajte bezpe\u010dn\u00fa pr\u00e1cu v zahrani\u010d\u00ed.","breadcrumb":{"@id":"https:\/\/atena.sk\/blog\/vyznam-sviatku-prace\/#breadcrumb"},"inLanguage":"sk-SK","potentialAction":[{"@type":"ReadAction","target":["https:\/\/atena.sk\/blog\/vyznam-sviatku-prace\/"]}]},{"@type":"ImageObject","inLanguage":"sk-SK","@id":"https:\/\/atena.sk\/blog\/vyznam-sviatku-prace\/#primaryimage","url":"https:\/\/atena.sk\/blog\/wp-content\/uploads\/2026\/04\/AdobeStock_281549501-scaled.jpg","contentUrl":"https:\/\/atena.sk\/blog\/wp-content\/uploads\/2026\/04\/AdobeStock_281549501-scaled.jpg","width":2780,"height":1564,"caption":"sviatok pr\u00e1ce"},{"@type":"BreadcrumbList","@id":"https:\/\/atena.sk\/blog\/vyznam-sviatku-prace\/#breadcrumb","itemListElement":[{"@type":"ListItem","position":1,"name":"Home","item":"https:\/\/atena.sk\/blog\/"},{"@type":"ListItem","position":2,"name":"V\u00fdznam Sviatku pr\u00e1ce"}]},{"@type":"WebSite","@id":"https:\/\/atena.sk\/blog\/#website","url":"https:\/\/atena.sk\/blog\/","name":"Atena blog","description":"Blog spolo\u010dnosti atena","publisher":{"@id":"https:\/\/atena.sk\/blog\/#organization"},"potentialAction":[{"@type":"SearchAction","target":{"@type":"EntryPoint","urlTemplate":"https:\/\/atena.sk\/blog\/?s={search_term_string}"},"query-input":"required name=search_term_string"}],"inLanguage":"sk-SK"},{"@type":"Organization","@id":"https:\/\/atena.sk\/blog\/#organization","name":"ATENA","url":"https:\/\/atena.sk\/blog\/","logo":{"@type":"ImageObject","inLanguage":"sk-SK","@id":"https:\/\/atena.sk\/blog\/#\/schema\/logo\/image\/","url":"https:\/\/atena.sk\/blog\/wp-content\/uploads\/2022\/08\/logo.png","contentUrl":"https:\/\/atena.sk\/blog\/wp-content\/uploads\/2022\/08\/logo.png","width":3543,"height":3543,"caption":"ATENA"},"image":{"@id":"https:\/\/atena.sk\/blog\/#\/schema\/logo\/image\/"}},{"@type":"Person","@id":"https:\/\/atena.sk\/blog\/#\/schema\/person\/0ae6c6390563d6555f91b0db4767e168","name":"Marin Nedelev","image":{"@type":"ImageObject","inLanguage":"sk-SK","@id":"https:\/\/atena.sk\/blog\/#\/schema\/person\/image\/","url":"https:\/\/secure.gravatar.com\/avatar\/c7908085eb1039e4706a94fc58b04d66?s=96&d=mm&r=g","contentUrl":"https:\/\/secure.gravatar.com\/avatar\/c7908085eb1039e4706a94fc58b04d66?s=96&d=mm&r=g","caption":"Marin Nedelev"},"url":"https:\/\/atena.sk\/blog\/author\/marin-nedelev\/"}]}},"_links":{"self":[{"href":"https:\/\/atena.sk\/blog\/wp-json\/wp\/v2\/posts\/382477"}],"collection":[{"href":"https:\/\/atena.sk\/blog\/wp-json\/wp\/v2\/posts"}],"about":[{"href":"https:\/\/atena.sk\/blog\/wp-json\/wp\/v2\/types\/post"}],"author":[{"embeddable":true,"href":"https:\/\/atena.sk\/blog\/wp-json\/wp\/v2\/users\/20"}],"replies":[{"embeddable":true,"href":"https:\/\/atena.sk\/blog\/wp-json\/wp\/v2\/comments?post=382477"}],"version-history":[{"count":2,"href":"https:\/\/atena.sk\/blog\/wp-json\/wp\/v2\/posts\/382477\/revisions"}],"predecessor-version":[{"id":382507,"href":"https:\/\/atena.sk\/blog\/wp-json\/wp\/v2\/posts\/382477\/revisions\/382507"}],"wp:featuredmedia":[{"embeddable":true,"href":"https:\/\/atena.sk\/blog\/wp-json\/wp\/v2\/media\/382478"}],"wp:attachment":[{"href":"https:\/\/atena.sk\/blog\/wp-json\/wp\/v2\/media?parent=382477"}],"wp:term":[{"taxonomy":"category","embeddable":true,"href":"https:\/\/atena.sk\/blog\/wp-json\/wp\/v2\/categories?post=382477"},{"taxonomy":"post_tag","embeddable":true,"href":"https:\/\/atena.sk\/blog\/wp-json\/wp\/v2\/tags?post=382477"}],"curies":[{"name":"wp","href":"https:\/\/api.w.org\/{rel}","templated":true}]}}